{"id":10183,"date":"2023-12-20T15:03:00","date_gmt":"2023-12-20T14:03:00","guid":{"rendered":"https:\/\/www.mlc-munich.de\/web\/?p=10183"},"modified":"2023-12-20T15:03:00","modified_gmt":"2023-12-20T14:03:00","slug":"mlc-weihnachtsfeier","status":"publish","type":"post","link":"https:\/\/www.mlc-munich.de\/web\/en\/mlc-weihnachtsfeier\/","title":{"rendered":"MLC-Weihnachtsfeier"},"content":{"rendered":"<p>Am Sonntag, 10. Dezemnber wurden auf der MLC-Weihnachtsfeier die drei Kandidaten f\u00fcr die Wahl des Bavarian Mister Leather vorgestellt.<\/p>\n<p>Au\u00dferdem hat der MLC Spendenchecks \u00fcber jeweils 300 \u20ac an die Schwestern der Perpetuellen Indulgenz Abtei Bavaria zur Gl\u00fcckseligkeit des S\u00fcdens, das Marikas M\u00fcnchen Hilfswerk, die M\u00fcnchner Positive &#8211; Netzwerk f\u00fcr HIV-Positive und Freunde und an Frechdax e.V. \u00fcberreicht.<\/p>\n\n\t\t<style type=\"text\/css\">\n\t\t\t#gallery-1 {\n\t\t\t\tmargin: auto;\n\t\t\t}\n\t\t\t#gallery-1 .gallery-item {\n\t\t\t\tfloat: left;\n\t\t\t\tmargin-top: 10px;\n\t\t\t\ttext-align: center;\n\t\t\t\twidth: 50%;\n\t\t\t}\n\t\t\t#gallery-1 img {\n\t\t\t\tborder: 2px solid #cfcfcf;\n\t\t\t}\n\t\t\t#gallery-1 .gallery-caption {\n\t\t\t\tmargin-left: 0;\n\t\t\t}\n\t\t\t\/* see gallery_shortcode() in wp-includes\/media.php *\/\n\t\t<\/style>\n\t\t<div id='gallery-1' class='gallery galleryid-10183 gallery-columns-2 gallery-size-medium'><dl class='gallery-item'>\n\t\t\t<dt class='gallery-icon landscape'>\n\t\t\t\t<a href='https:\/\/www.mlc-munich.de\/web\/en\/mlc-weihnachtsfeier\/image6\/#main'><img loading=\"lazy\" decoding=\"async\" width=\"600\" height=\"401\" src=\"https:\/\/www.mlc-munich.de\/web\/wp-content\/uploads\/2023\/12\/image6-600x401.jpeg\" class=\"attachment-medium size-medium\" alt=\"\" srcset=\"https:\/\/www.mlc-munich.de\/web\/wp-content\/uploads\/2023\/12\/image6-600x401.jpeg 600w, https:\/\/www.mlc-munich.de\/web\/wp-content\/uploads\/2023\/12\/image6-2000x1335.jpeg 2000w, https:\/\/www.mlc-munich.de\/web\/wp-content\/uploads\/2023\/12\/image6-768x513.jpeg 768w, https:\/\/www.mlc-munich.de\/web\/wp-content\/uploads\/2023\/12\/image6-1536x1025.jpeg 1536w, https:\/\/www.mlc-munich.de\/web\/wp-content\/uploads\/2023\/12\/image6-2048x1367.jpeg 2048w, https:\/\/www.mlc-munich.de\/web\/wp-content\/uploads\/2023\/12\/image6-272x182.jpeg 272w\" sizes=\"auto, (max-width: 600px) 100vw, 600px\" \/><\/a>\n\t\t\t<\/dt><\/dl><dl class='gallery-item'>\n\t\t\t<dt class='gallery-icon landscape'>\n\t\t\t\t<a href='https:\/\/www.mlc-munich.de\/web\/en\/mlc-weihnachtsfeier\/image3\/#main'><img loading=\"lazy\" decoding=\"async\" width=\"600\" height=\"401\" src=\"https:\/\/www.mlc-munich.de\/web\/wp-content\/uploads\/2023\/12\/image3-600x401.jpeg\" class=\"attachment-medium size-medium\" alt=\"\" srcset=\"https:\/\/www.mlc-munich.de\/web\/wp-content\/uploads\/2023\/12\/image3-600x401.jpeg 600w, https:\/\/www.mlc-munich.de\/web\/wp-content\/uploads\/2023\/12\/image3-2000x1335.jpeg 2000w, https:\/\/www.mlc-munich.de\/web\/wp-content\/uploads\/2023\/12\/image3-768x513.jpeg 768w, https:\/\/www.mlc-munich.de\/web\/wp-content\/uploads\/2023\/12\/image3-1536x1025.jpeg 1536w, https:\/\/www.mlc-munich.de\/web\/wp-content\/uploads\/2023\/12\/image3-2048x1367.jpeg 2048w, https:\/\/www.mlc-munich.de\/web\/wp-content\/uploads\/2023\/12\/image3-272x182.jpeg 272w\" sizes=\"auto, (max-width: 600px) 100vw, 600px\" \/><\/a>\n\t\t\t<\/dt><\/dl><br style=\"clear: both\" \/><dl class='gallery-item'>\n\t\t\t<dt class='gallery-icon landscape'>\n\t\t\t\t<a href='https:\/\/www.mlc-munich.de\/web\/en\/mlc-weihnachtsfeier\/image7\/#main'><img loading=\"lazy\" decoding=\"async\" width=\"600\" height=\"401\" src=\"https:\/\/www.mlc-munich.de\/web\/wp-content\/uploads\/2023\/12\/image7-600x401.jpeg\" class=\"attachment-medium size-medium\" alt=\"\" srcset=\"https:\/\/www.mlc-munich.de\/web\/wp-content\/uploads\/2023\/12\/image7-600x401.jpeg 600w, https:\/\/www.mlc-munich.de\/web\/wp-content\/uploads\/2023\/12\/image7-2000x1335.jpeg 2000w, https:\/\/www.mlc-munich.de\/web\/wp-content\/uploads\/2023\/12\/image7-768x513.jpeg 768w, https:\/\/www.mlc-munich.de\/web\/wp-content\/uploads\/2023\/12\/image7-1536x1025.jpeg 1536w, https:\/\/www.mlc-munich.de\/web\/wp-content\/uploads\/2023\/12\/image7-2048x1367.jpeg 2048w, https:\/\/www.mlc-munich.de\/web\/wp-content\/uploads\/2023\/12\/image7-272x182.jpeg 272w\" sizes=\"auto, (max-width: 600px) 100vw, 600px\" \/><\/a>\n\t\t\t<\/dt><\/dl><dl class='gallery-item'>\n\t\t\t<dt class='gallery-icon landscape'>\n\t\t\t\t<a href='https:\/\/www.mlc-munich.de\/web\/en\/mlc-weihnachtsfeier\/image2-2\/#main'><img loading=\"lazy\" decoding=\"async\" width=\"600\" height=\"401\" src=\"https:\/\/www.mlc-munich.de\/web\/wp-content\/uploads\/2023\/12\/image2-600x401.jpeg\" class=\"attachment-medium size-medium\" alt=\"\" srcset=\"https:\/\/www.mlc-munich.de\/web\/wp-content\/uploads\/2023\/12\/image2-600x401.jpeg 600w, https:\/\/www.mlc-munich.de\/web\/wp-content\/uploads\/2023\/12\/image2-2000x1335.jpeg 2000w, https:\/\/www.mlc-munich.de\/web\/wp-content\/uploads\/2023\/12\/image2-768x513.jpeg 768w, https:\/\/www.mlc-munich.de\/web\/wp-content\/uploads\/2023\/12\/image2-1536x1025.jpeg 1536w, https:\/\/www.mlc-munich.de\/web\/wp-content\/uploads\/2023\/12\/image2-2048x1367.jpeg 2048w, https:\/\/www.mlc-munich.de\/web\/wp-content\/uploads\/2023\/12\/image2-272x182.jpeg 272w\" sizes=\"auto, (max-width: 600px) 100vw, 600px\" \/><\/a>\n\t\t\t<\/dt><\/dl><br style=\"clear: both\" \/><dl class='gallery-item'>\n\t\t\t<dt class='gallery-icon landscape'>\n\t\t\t\t<a href='https:\/\/www.mlc-munich.de\/web\/en\/mlc-weihnachtsfeier\/image4\/#main'><img loading=\"lazy\" decoding=\"async\" width=\"600\" height=\"401\" src=\"https:\/\/www.mlc-munich.de\/web\/wp-content\/uploads\/2023\/12\/image4-600x401.jpeg\" class=\"attachment-medium size-medium\" alt=\"\" srcset=\"https:\/\/www.mlc-munich.de\/web\/wp-content\/uploads\/2023\/12\/image4-600x401.jpeg 600w, https:\/\/www.mlc-munich.de\/web\/wp-content\/uploads\/2023\/12\/image4-2000x1335.jpeg 2000w, https:\/\/www.mlc-munich.de\/web\/wp-content\/uploads\/2023\/12\/image4-768x513.jpeg 768w, https:\/\/www.mlc-munich.de\/web\/wp-content\/uploads\/2023\/12\/image4-1536x1025.jpeg 1536w, https:\/\/www.mlc-munich.de\/web\/wp-content\/uploads\/2023\/12\/image4-2048x1367.jpeg 2048w, https:\/\/www.mlc-munich.de\/web\/wp-content\/uploads\/2023\/12\/image4-272x182.jpeg 272w\" sizes=\"auto, (max-width: 600px) 100vw, 600px\" \/><\/a>\n\t\t\t<\/dt><\/dl><dl class='gallery-item'>\n\t\t\t<dt class='gallery-icon portrait'>\n\t\t\t\t<a href='https:\/\/www.mlc-munich.de\/web\/en\/mlc-weihnachtsfeier\/image5-2\/#main'><img loading=\"lazy\" decoding=\"async\" width=\"401\" height=\"600\" src=\"https:\/\/www.mlc-munich.de\/web\/wp-content\/uploads\/2023\/12\/image5-401x600.jpeg\" class=\"attachment-medium size-medium\" alt=\"\" srcset=\"https:\/\/www.mlc-munich.de\/web\/wp-content\/uploads\/2023\/12\/image5-401x600.jpeg 401w, https:\/\/www.mlc-munich.de\/web\/wp-content\/uploads\/2023\/12\/image5-1335x2000.jpeg 1335w, https:\/\/www.mlc-munich.de\/web\/wp-content\/uploads\/2023\/12\/image5-768x1150.jpeg 768w, https:\/\/www.mlc-munich.de\/web\/wp-content\/uploads\/2023\/12\/image5-1025x1536.jpeg 1025w, https:\/\/www.mlc-munich.de\/web\/wp-content\/uploads\/2023\/12\/image5-1367x2048.jpeg 1367w, https:\/\/www.mlc-munich.de\/web\/wp-content\/uploads\/2023\/12\/image5-scaled.jpeg 1709w\" sizes=\"auto, (max-width: 401px) 100vw, 401px\" \/><\/a>\n\t\t\t<\/dt><\/dl><br style=\"clear: both\" \/>\n\t\t<\/div>\n\n","protected":false},"excerpt":{"rendered":"<p>Am Sonntag, 10. Dezemnber wurden auf der MLC-Weihnachtsfeier die drei Kandidaten f\u00fcr die Wahl des Bavarian Mister Leather vorgestellt. Au\u00dferdem hat der MLC Spendenchecks \u00fcber jeweils 300 \u20ac an die Schwestern der Perpetuellen Indulgenz Abtei Bavaria zur Gl\u00fcckseligkeit des S\u00fcdens, das Marikas M\u00fcnchen Hilfswerk, die M\u00fcnchner Positive &#8211; Netzwerk f\u00fcr HIV-Positive und Freunde und an Frechdax e.V. \u00fcberreicht.<\/p>\n","protected":false},"author":2,"featured_media":10184,"comment_status":"closed","ping_status":"closed","sticky":false,"template":"","format":"standard","meta":{"footnotes":""},"categories":[1],"tags":[],"class_list":["post-10183","post","type-post","status-publish","format-standard","has-post-thumbnail","hentry","category-allgemein","post-with-thumbnail","post-with-thumbnail-icon"],"translation":{"provider":"WPGlobus","version":"3.0.2","language":"en","enabled_languages":["de","en"],"languages":{"de":{"title":true,"content":true,"excerpt":false},"en":{"title":false,"content":false,"excerpt":false}}},"yoast_head":"<!-- This site is optimized with the Yoast SEO plugin v27.4 - https:\/\/yoast.com\/product\/yoast-seo-wordpress\/ -->\n<title>MLC-Weihnachtsfeier - M\u00fcnchner L\u00f6wen Club e.V.<\/title>\n<meta name=\"robots\" content=\"index, follow, max-snippet:-1, max-image-preview:large, max-video-preview:-1\" \/>\n<link rel=\"canonical\" href=\"https:\/\/www.mlc-munich.de\/web\/mlc-weihnachtsfeier\/\" \/>\n<meta property=\"og:locale\" content=\"en_US\" \/>\n<meta property=\"og:type\" content=\"article\" \/>\n<meta property=\"og:title\" content=\"MLC-Weihnachtsfeier - M\u00fcnchner L\u00f6wen Club e.V.\" \/>\n<meta property=\"og:url\" content=\"https:\/\/www.mlc-munich.de\/web\/mlc-weihnachtsfeier\/\" \/>\n<meta property=\"og:site_name\" content=\"M\u00fcnchner L\u00f6wen Club e.V.\" \/>\n<meta property=\"article:published_time\" content=\"2023-12-20T14:03:00+00:00\" \/>\n<meta property=\"og:image\" content=\"https:\/\/www.mlc-munich.de\/web\/wp-content\/uploads\/2023\/12\/image0-scaled.jpeg\" \/>\n\t<meta property=\"og:image:width\" content=\"2560\" \/>\n\t<meta property=\"og:image:height\" content=\"1709\" \/>\n\t<meta property=\"og:image:type\" content=\"image\/jpeg\" \/>\n<meta name=\"author\" content=\"Andreas Bl\u00fcm\" \/>\n<meta name=\"twitter:card\" content=\"summary_large_image\" \/>\n<meta name=\"twitter:label1\" content=\"Written by\" \/>\n\t<meta name=\"twitter:data1\" content=\"Andreas Bl\u00fcm\" \/>\n\t<meta name=\"twitter:label2\" content=\"Est. reading time\" \/>\n\t<meta name=\"twitter:data2\" content=\"1 minute\" \/>\n<script type=\"application\/ld+json\" class=\"yoast-schema-graph\">{\"@context\":\"https:\\\/\\\/schema.org\",\"@graph\":[{\"@type\":\"Article\",\"@id\":\"https:\\\/\\\/www.mlc-munich.de\\\/web\\\/mlc-weihnachtsfeier\\\/#article\",\"isPartOf\":{\"@id\":\"https:\\\/\\\/www.mlc-munich.de\\\/web\\\/mlc-weihnachtsfeier\\\/\"},\"author\":{\"name\":\"Andreas Bl\u00fcm\",\"@id\":\"https:\\\/\\\/www.mlc-munich.de\\\/web\\\/#\\\/schema\\\/person\\\/8ab46efdd6adab85dc79e46ba23bf666\"},\"headline\":\"MLC-Weihnachtsfeier\",\"datePublished\":\"2023-12-20T14:03:00+00:00\",\"mainEntityOfPage\":{\"@id\":\"https:\\\/\\\/www.mlc-munich.de\\\/web\\\/mlc-weihnachtsfeier\\\/\"},\"wordCount\":69,\"publisher\":{\"@id\":\"https:\\\/\\\/www.mlc-munich.de\\\/web\\\/#organization\"},\"image\":{\"@id\":\"https:\\\/\\\/www.mlc-munich.de\\\/web\\\/mlc-weihnachtsfeier\\\/#primaryimage\"},\"thumbnailUrl\":\"https:\\\/\\\/www.mlc-munich.de\\\/web\\\/wp-content\\\/uploads\\\/2023\\\/12\\\/image0-scaled.jpeg\",\"articleSection\":[\"Allgemein\"],\"inLanguage\":\"en-US\"},{\"@type\":\"WebPage\",\"@id\":\"https:\\\/\\\/www.mlc-munich.de\\\/web\\\/mlc-weihnachtsfeier\\\/\",\"url\":\"https:\\\/\\\/www.mlc-munich.de\\\/web\\\/mlc-weihnachtsfeier\\\/\",\"name\":\"MLC-Weihnachtsfeier - M\u00fcnchner L\u00f6wen Club e.V.\",\"isPartOf\":{\"@id\":\"https:\\\/\\\/www.mlc-munich.de\\\/web\\\/#website\"},\"primaryImageOfPage\":{\"@id\":\"https:\\\/\\\/www.mlc-munich.de\\\/web\\\/mlc-weihnachtsfeier\\\/#primaryimage\"},\"image\":{\"@id\":\"https:\\\/\\\/www.mlc-munich.de\\\/web\\\/mlc-weihnachtsfeier\\\/#primaryimage\"},\"thumbnailUrl\":\"https:\\\/\\\/www.mlc-munich.de\\\/web\\\/wp-content\\\/uploads\\\/2023\\\/12\\\/image0-scaled.jpeg\",\"datePublished\":\"2023-12-20T14:03:00+00:00\",\"breadcrumb\":{\"@id\":\"https:\\\/\\\/www.mlc-munich.de\\\/web\\\/mlc-weihnachtsfeier\\\/#breadcrumb\"},\"inLanguage\":\"en-US\",\"potentialAction\":[{\"@type\":\"ReadAction\",\"target\":[\"https:\\\/\\\/www.mlc-munich.de\\\/web\\\/mlc-weihnachtsfeier\\\/\"]}]},{\"@type\":\"ImageObject\",\"inLanguage\":\"en-US\",\"@id\":\"https:\\\/\\\/www.mlc-munich.de\\\/web\\\/mlc-weihnachtsfeier\\\/#primaryimage\",\"url\":\"https:\\\/\\\/www.mlc-munich.de\\\/web\\\/wp-content\\\/uploads\\\/2023\\\/12\\\/image0-scaled.jpeg\",\"contentUrl\":\"https:\\\/\\\/www.mlc-munich.de\\\/web\\\/wp-content\\\/uploads\\\/2023\\\/12\\\/image0-scaled.jpeg\",\"width\":2560,\"height\":1709},{\"@type\":\"BreadcrumbList\",\"@id\":\"https:\\\/\\\/www.mlc-munich.de\\\/web\\\/mlc-weihnachtsfeier\\\/#breadcrumb\",\"itemListElement\":[{\"@type\":\"ListItem\",\"position\":1,\"name\":\"Startseite\",\"item\":\"https:\\\/\\\/www.mlc-munich.de\\\/web\\\/\"},{\"@type\":\"ListItem\",\"position\":2,\"name\":\"MLC-Weihnachtsfeier\"}]},{\"@type\":\"WebSite\",\"@id\":\"https:\\\/\\\/www.mlc-munich.de\\\/web\\\/#website\",\"url\":\"https:\\\/\\\/www.mlc-munich.de\\\/web\\\/\",\"name\":\"M\u00fcnchner L\u00f6wen Club e.V.\",\"description\":\"M\u00fcnchner L\u00f6wen Club e.V.\",\"publisher\":{\"@id\":\"https:\\\/\\\/www.mlc-munich.de\\\/web\\\/#organization\"},\"potentialAction\":[{\"@type\":\"SearchAction\",\"target\":{\"@type\":\"EntryPoint\",\"urlTemplate\":\"https:\\\/\\\/www.mlc-munich.de\\\/web\\\/?s={search_term_string}\"},\"query-input\":{\"@type\":\"PropertyValueSpecification\",\"valueRequired\":true,\"valueName\":\"search_term_string\"}}],\"inLanguage\":\"en-US\"},{\"@type\":\"Organization\",\"@id\":\"https:\\\/\\\/www.mlc-munich.de\\\/web\\\/#organization\",\"name\":\"M\u00fcnchner L\u00f6wen Club e.V.\",\"url\":\"https:\\\/\\\/www.mlc-munich.de\\\/web\\\/\",\"logo\":{\"@type\":\"ImageObject\",\"inLanguage\":\"en-US\",\"@id\":\"https:\\\/\\\/www.mlc-munich.de\\\/web\\\/#\\\/schema\\\/logo\\\/image\\\/\",\"url\":\"https:\\\/\\\/www.mlc-munich.de\\\/web\\\/wp-content\\\/uploads\\\/2018\\\/05\\\/logo_250x95px-Kopie.png\",\"contentUrl\":\"https:\\\/\\\/www.mlc-munich.de\\\/web\\\/wp-content\\\/uploads\\\/2018\\\/05\\\/logo_250x95px-Kopie.png\",\"width\":250,\"height\":95,\"caption\":\"M\u00fcnchner L\u00f6wen Club e.V.\"},\"image\":{\"@id\":\"https:\\\/\\\/www.mlc-munich.de\\\/web\\\/#\\\/schema\\\/logo\\\/image\\\/\"}},{\"@type\":\"Person\",\"@id\":\"https:\\\/\\\/www.mlc-munich.de\\\/web\\\/#\\\/schema\\\/person\\\/8ab46efdd6adab85dc79e46ba23bf666\",\"name\":\"Andreas Bl\u00fcm\",\"image\":{\"@type\":\"ImageObject\",\"inLanguage\":\"en-US\",\"@id\":\"https:\\\/\\\/secure.gravatar.com\\\/avatar\\\/4911c491b7f433eacb8c9d4ed7cdc1b43c9980887f0b50534ea89397966226ee?s=96&d=mm&r=r\",\"url\":\"https:\\\/\\\/secure.gravatar.com\\\/avatar\\\/4911c491b7f433eacb8c9d4ed7cdc1b43c9980887f0b50534ea89397966226ee?s=96&d=mm&r=r\",\"contentUrl\":\"https:\\\/\\\/secure.gravatar.com\\\/avatar\\\/4911c491b7f433eacb8c9d4ed7cdc1b43c9980887f0b50534ea89397966226ee?s=96&d=mm&r=r\",\"caption\":\"Andreas Bl\u00fcm\"},\"url\":\"https:\\\/\\\/www.mlc-munich.de\\\/web\\\/en\\\/author\\\/andy\\\/\"}]}<\/script>\n<!-- \/ Yoast SEO plugin. -->","yoast_head_json":{"title":"MLC-Weihnachtsfeier - M\u00fcnchner L\u00f6wen Club e.V.","robots":{"index":"index","follow":"follow","max-snippet":"max-snippet:-1","max-image-preview":"max-image-preview:large","max-video-preview":"max-video-preview:-1"},"canonical":"https:\/\/www.mlc-munich.de\/web\/mlc-weihnachtsfeier\/","og_locale":"en_US","og_type":"article","og_title":"MLC-Weihnachtsfeier - M\u00fcnchner L\u00f6wen Club e.V.","og_url":"https:\/\/www.mlc-munich.de\/web\/mlc-weihnachtsfeier\/","og_site_name":"M\u00fcnchner L\u00f6wen Club e.V.","article_published_time":"2023-12-20T14:03:00+00:00","og_image":[{"width":2560,"height":1709,"url":"https:\/\/www.mlc-munich.de\/web\/wp-content\/uploads\/2023\/12\/image0-scaled.jpeg","type":"image\/jpeg"}],"author":"Andreas Bl\u00fcm","twitter_card":"summary_large_image","twitter_misc":{"Written by":"Andreas Bl\u00fcm","Est. reading time":"1 minute"},"schema":{"@context":"https:\/\/schema.org","@graph":[{"@type":"Article","@id":"https:\/\/www.mlc-munich.de\/web\/mlc-weihnachtsfeier\/#article","isPartOf":{"@id":"https:\/\/www.mlc-munich.de\/web\/mlc-weihnachtsfeier\/"},"author":{"name":"Andreas Bl\u00fcm","@id":"https:\/\/www.mlc-munich.de\/web\/#\/schema\/person\/8ab46efdd6adab85dc79e46ba23bf666"},"headline":"MLC-Weihnachtsfeier","datePublished":"2023-12-20T14:03:00+00:00","mainEntityOfPage":{"@id":"https:\/\/www.mlc-munich.de\/web\/mlc-weihnachtsfeier\/"},"wordCount":69,"publisher":{"@id":"https:\/\/www.mlc-munich.de\/web\/#organization"},"image":{"@id":"https:\/\/www.mlc-munich.de\/web\/mlc-weihnachtsfeier\/#primaryimage"},"thumbnailUrl":"https:\/\/www.mlc-munich.de\/web\/wp-content\/uploads\/2023\/12\/image0-scaled.jpeg","articleSection":["Allgemein"],"inLanguage":"en-US"},{"@type":"WebPage","@id":"https:\/\/www.mlc-munich.de\/web\/mlc-weihnachtsfeier\/","url":"https:\/\/www.mlc-munich.de\/web\/mlc-weihnachtsfeier\/","name":"MLC-Weihnachtsfeier - M\u00fcnchner L\u00f6wen Club e.V.","isPartOf":{"@id":"https:\/\/www.mlc-munich.de\/web\/#website"},"primaryImageOfPage":{"@id":"https:\/\/www.mlc-munich.de\/web\/mlc-weihnachtsfeier\/#primaryimage"},"image":{"@id":"https:\/\/www.mlc-munich.de\/web\/mlc-weihnachtsfeier\/#primaryimage"},"thumbnailUrl":"https:\/\/www.mlc-munich.de\/web\/wp-content\/uploads\/2023\/12\/image0-scaled.jpeg","datePublished":"2023-12-20T14:03:00+00:00","breadcrumb":{"@id":"https:\/\/www.mlc-munich.de\/web\/mlc-weihnachtsfeier\/#breadcrumb"},"inLanguage":"en-US","potentialAction":[{"@type":"ReadAction","target":["https:\/\/www.mlc-munich.de\/web\/mlc-weihnachtsfeier\/"]}]},{"@type":"ImageObject","inLanguage":"en-US","@id":"https:\/\/www.mlc-munich.de\/web\/mlc-weihnachtsfeier\/#primaryimage","url":"https:\/\/www.mlc-munich.de\/web\/wp-content\/uploads\/2023\/12\/image0-scaled.jpeg","contentUrl":"https:\/\/www.mlc-munich.de\/web\/wp-content\/uploads\/2023\/12\/image0-scaled.jpeg","width":2560,"height":1709},{"@type":"BreadcrumbList","@id":"https:\/\/www.mlc-munich.de\/web\/mlc-weihnachtsfeier\/#breadcrumb","itemListElement":[{"@type":"ListItem","position":1,"name":"Startseite","item":"https:\/\/www.mlc-munich.de\/web\/"},{"@type":"ListItem","position":2,"name":"MLC-Weihnachtsfeier"}]},{"@type":"WebSite","@id":"https:\/\/www.mlc-munich.de\/web\/#website","url":"https:\/\/www.mlc-munich.de\/web\/","name":"M\u00fcnchner L\u00f6wen Club e.V.","description":"M\u00fcnchner L\u00f6wen Club e.V.","publisher":{"@id":"https:\/\/www.mlc-munich.de\/web\/#organization"},"potentialAction":[{"@type":"SearchAction","target":{"@type":"EntryPoint","urlTemplate":"https:\/\/www.mlc-munich.de\/web\/?s={search_term_string}"},"query-input":{"@type":"PropertyValueSpecification","valueRequired":true,"valueName":"search_term_string"}}],"inLanguage":"en-US"},{"@type":"Organization","@id":"https:\/\/www.mlc-munich.de\/web\/#organization","name":"M\u00fcnchner L\u00f6wen Club e.V.","url":"https:\/\/www.mlc-munich.de\/web\/","logo":{"@type":"ImageObject","inLanguage":"en-US","@id":"https:\/\/www.mlc-munich.de\/web\/#\/schema\/logo\/image\/","url":"https:\/\/www.mlc-munich.de\/web\/wp-content\/uploads\/2018\/05\/logo_250x95px-Kopie.png","contentUrl":"https:\/\/www.mlc-munich.de\/web\/wp-content\/uploads\/2018\/05\/logo_250x95px-Kopie.png","width":250,"height":95,"caption":"M\u00fcnchner L\u00f6wen Club e.V."},"image":{"@id":"https:\/\/www.mlc-munich.de\/web\/#\/schema\/logo\/image\/"}},{"@type":"Person","@id":"https:\/\/www.mlc-munich.de\/web\/#\/schema\/person\/8ab46efdd6adab85dc79e46ba23bf666","name":"Andreas Bl\u00fcm","image":{"@type":"ImageObject","inLanguage":"en-US","@id":"https:\/\/secure.gravatar.com\/avatar\/4911c491b7f433eacb8c9d4ed7cdc1b43c9980887f0b50534ea89397966226ee?s=96&d=mm&r=r","url":"https:\/\/secure.gravatar.com\/avatar\/4911c491b7f433eacb8c9d4ed7cdc1b43c9980887f0b50534ea89397966226ee?s=96&d=mm&r=r","contentUrl":"https:\/\/secure.gravatar.com\/avatar\/4911c491b7f433eacb8c9d4ed7cdc1b43c9980887f0b50534ea89397966226ee?s=96&d=mm&r=r","caption":"Andreas Bl\u00fcm"},"url":"https:\/\/www.mlc-munich.de\/web\/en\/author\/andy\/"}]}},"_links":{"self":[{"href":"https:\/\/www.mlc-munich.de\/web\/en\/wp-json\/wp\/v2\/posts\/10183","targetHints":{"allow":["GET"]}}],"collection":[{"href":"https:\/\/www.mlc-munich.de\/web\/en\/wp-json\/wp\/v2\/posts"}],"about":[{"href":"https:\/\/www.mlc-munich.de\/web\/en\/wp-json\/wp\/v2\/types\/post"}],"author":[{"embeddable":true,"href":"https:\/\/www.mlc-munich.de\/web\/en\/wp-json\/wp\/v2\/users\/2"}],"replies":[{"embeddable":true,"href":"https:\/\/www.mlc-munich.de\/web\/en\/wp-json\/wp\/v2\/comments?post=10183"}],"version-history":[{"count":1,"href":"https:\/\/www.mlc-munich.de\/web\/en\/wp-json\/wp\/v2\/posts\/10183\/revisions"}],"predecessor-version":[{"id":10191,"href":"https:\/\/www.mlc-munich.de\/web\/en\/wp-json\/wp\/v2\/posts\/10183\/revisions\/10191"}],"wp:featuredmedia":[{"embeddable":true,"href":"https:\/\/www.mlc-munich.de\/web\/en\/wp-json\/wp\/v2\/media\/10184"}],"wp:attachment":[{"href":"https:\/\/www.mlc-munich.de\/web\/en\/wp-json\/wp\/v2\/media?parent=10183"}],"wp:term":[{"taxonomy":"category","embeddable":true,"href":"https:\/\/www.mlc-munich.de\/web\/en\/wp-json\/wp\/v2\/categories?post=10183"},{"taxonomy":"post_tag","embeddable":true,"href":"https:\/\/www.mlc-munich.de\/web\/en\/wp-json\/wp\/v2\/tags?post=10183"}],"curies":[{"name":"wp","href":"https:\/\/api.w.org\/{rel}","templated":true}]}}