{"id":12816,"date":"2024-03-18T08:30:19","date_gmt":"2024-03-18T07:30:19","guid":{"rendered":"https:\/\/www.mlc-munich.de\/web\/?p=12816"},"modified":"2024-03-18T08:30:43","modified_gmt":"2024-03-18T07:30:43","slug":"der-bavarian-mister-leather-2024-ist-stephan","status":"publish","type":"post","link":"https:\/\/www.mlc-munich.de\/web\/en\/der-bavarian-mister-leather-2024-ist-stephan\/","title":{"rendered":"Der Bavarian Mister Leather 2024 ist: Stephan"},"content":{"rendered":"<p><strong>Wir gratulieren Stephan ganz herzlich und w\u00fcnschen ihm f\u00fcr seine Amtszeit alles Gute!<\/strong><\/p>\n<h1 class=\"entry-title\"><img loading=\"lazy\" decoding=\"async\" class=\"aligncenter wp-image-12800 size-full\" src=\"https:\/\/www.mlc-munich.de\/web\/wp-content\/uploads\/2024\/03\/bmrl2024_stephan.jpg\" sizes=\"auto, (max-width: 1512px) 100vw, 1512px\" srcset=\"https:\/\/www.mlc-munich.de\/web\/wp-content\/uploads\/2024\/03\/bmrl2024_stephan.jpg 1512w, https:\/\/www.mlc-munich.de\/web\/wp-content\/uploads\/2024\/03\/bmrl2024_stephan-600x600.jpg 600w, https:\/\/www.mlc-munich.de\/web\/wp-content\/uploads\/2024\/03\/bmrl2024_stephan-200x200.jpg 200w, https:\/\/www.mlc-munich.de\/web\/wp-content\/uploads\/2024\/03\/bmrl2024_stephan-768x768.jpg 768w\" alt=\"\" width=\"1512\" height=\"1512\" \/><\/h1>\n","protected":false},"excerpt":{"rendered":"<p>Wir gratulieren Stephan ganz herzlich und w\u00fcnschen ihm f\u00fcr seine Amtszeit alles Gute!<\/p>\n","protected":false},"author":2,"featured_media":12800,"comment_status":"closed","ping_status":"closed","sticky":false,"template":"","format":"standard","meta":{"footnotes":""},"categories":[1],"tags":[],"class_list":["post-12816","post","type-post","status-publish","format-standard","has-post-thumbnail","hentry","category-allgemein","post-with-thumbnail","post-with-thumbnail-icon"],"translation":{"provider":"WPGlobus","version":"3.0.2","language":"en","enabled_languages":["de","en"],"languages":{"de":{"title":true,"content":true,"excerpt":false},"en":{"title":false,"content":false,"excerpt":false}}},"yoast_head":"<!-- This site is optimized with the Yoast SEO plugin v27.4 - https:\/\/yoast.com\/product\/yoast-seo-wordpress\/ -->\n<title>Der Bavarian Mister Leather 2024 ist: Stephan - M\u00fcnchner L\u00f6wen Club e.V.<\/title>\n<meta name=\"robots\" content=\"index, follow, max-snippet:-1, max-image-preview:large, max-video-preview:-1\" \/>\n<link rel=\"canonical\" href=\"https:\/\/www.mlc-munich.de\/web\/der-bavarian-mister-leather-2024-ist-stephan\/\" \/>\n<meta property=\"og:locale\" content=\"en_US\" \/>\n<meta property=\"og:type\" content=\"article\" \/>\n<meta property=\"og:title\" content=\"Der Bavarian Mister Leather 2024 ist: Stephan - M\u00fcnchner L\u00f6wen Club e.V.\" \/>\n<meta property=\"og:url\" content=\"https:\/\/www.mlc-munich.de\/web\/der-bavarian-mister-leather-2024-ist-stephan\/\" \/>\n<meta property=\"og:site_name\" content=\"M\u00fcnchner L\u00f6wen Club e.V.\" \/>\n<meta property=\"article:published_time\" content=\"2024-03-18T07:30:19+00:00\" \/>\n<meta property=\"article:modified_time\" content=\"2024-03-18T07:30:43+00:00\" \/>\n<meta property=\"og:image\" content=\"https:\/\/www.mlc-munich.de\/web\/wp-content\/uploads\/2024\/03\/bmrl2024_stephan.jpg\" \/>\n\t<meta property=\"og:image:width\" content=\"1512\" \/>\n\t<meta property=\"og:image:height\" content=\"1512\" \/>\n\t<meta property=\"og:image:type\" content=\"image\/jpeg\" \/>\n<meta name=\"author\" content=\"Andreas Bl\u00fcm\" \/>\n<meta name=\"twitter:card\" content=\"summary_large_image\" \/>\n<meta name=\"twitter:label1\" content=\"Written by\" \/>\n\t<meta name=\"twitter:data1\" content=\"Andreas Bl\u00fcm\" \/>\n\t<meta name=\"twitter:label2\" content=\"Est. reading time\" \/>\n\t<meta name=\"twitter:data2\" content=\"1 minute\" \/>\n<script type=\"application\/ld+json\" class=\"yoast-schema-graph\">{\"@context\":\"https:\\\/\\\/schema.org\",\"@graph\":[{\"@type\":\"Article\",\"@id\":\"https:\\\/\\\/www.mlc-munich.de\\\/web\\\/der-bavarian-mister-leather-2024-ist-stephan\\\/#article\",\"isPartOf\":{\"@id\":\"https:\\\/\\\/www.mlc-munich.de\\\/web\\\/der-bavarian-mister-leather-2024-ist-stephan\\\/\"},\"author\":{\"name\":\"Andreas Bl\u00fcm\",\"@id\":\"https:\\\/\\\/www.mlc-munich.de\\\/web\\\/#\\\/schema\\\/person\\\/8ab46efdd6adab85dc79e46ba23bf666\"},\"headline\":\"Der Bavarian Mister Leather 2024 ist: Stephan\",\"datePublished\":\"2024-03-18T07:30:19+00:00\",\"dateModified\":\"2024-03-18T07:30:43+00:00\",\"mainEntityOfPage\":{\"@id\":\"https:\\\/\\\/www.mlc-munich.de\\\/web\\\/der-bavarian-mister-leather-2024-ist-stephan\\\/\"},\"wordCount\":21,\"publisher\":{\"@id\":\"https:\\\/\\\/www.mlc-munich.de\\\/web\\\/#organization\"},\"image\":{\"@id\":\"https:\\\/\\\/www.mlc-munich.de\\\/web\\\/der-bavarian-mister-leather-2024-ist-stephan\\\/#primaryimage\"},\"thumbnailUrl\":\"https:\\\/\\\/www.mlc-munich.de\\\/web\\\/wp-content\\\/uploads\\\/2024\\\/03\\\/bmrl2024_stephan.jpg\",\"articleSection\":[\"Allgemein\"],\"inLanguage\":\"en-US\"},{\"@type\":\"WebPage\",\"@id\":\"https:\\\/\\\/www.mlc-munich.de\\\/web\\\/der-bavarian-mister-leather-2024-ist-stephan\\\/\",\"url\":\"https:\\\/\\\/www.mlc-munich.de\\\/web\\\/der-bavarian-mister-leather-2024-ist-stephan\\\/\",\"name\":\"Der Bavarian Mister Leather 2024 ist: Stephan - M\u00fcnchner L\u00f6wen Club e.V.\",\"isPartOf\":{\"@id\":\"https:\\\/\\\/www.mlc-munich.de\\\/web\\\/#website\"},\"primaryImageOfPage\":{\"@id\":\"https:\\\/\\\/www.mlc-munich.de\\\/web\\\/der-bavarian-mister-leather-2024-ist-stephan\\\/#primaryimage\"},\"image\":{\"@id\":\"https:\\\/\\\/www.mlc-munich.de\\\/web\\\/der-bavarian-mister-leather-2024-ist-stephan\\\/#primaryimage\"},\"thumbnailUrl\":\"https:\\\/\\\/www.mlc-munich.de\\\/web\\\/wp-content\\\/uploads\\\/2024\\\/03\\\/bmrl2024_stephan.jpg\",\"datePublished\":\"2024-03-18T07:30:19+00:00\",\"dateModified\":\"2024-03-18T07:30:43+00:00\",\"breadcrumb\":{\"@id\":\"https:\\\/\\\/www.mlc-munich.de\\\/web\\\/der-bavarian-mister-leather-2024-ist-stephan\\\/#breadcrumb\"},\"inLanguage\":\"en-US\",\"potentialAction\":[{\"@type\":\"ReadAction\",\"target\":[\"https:\\\/\\\/www.mlc-munich.de\\\/web\\\/der-bavarian-mister-leather-2024-ist-stephan\\\/\"]}]},{\"@type\":\"ImageObject\",\"inLanguage\":\"en-US\",\"@id\":\"https:\\\/\\\/www.mlc-munich.de\\\/web\\\/der-bavarian-mister-leather-2024-ist-stephan\\\/#primaryimage\",\"url\":\"https:\\\/\\\/www.mlc-munich.de\\\/web\\\/wp-content\\\/uploads\\\/2024\\\/03\\\/bmrl2024_stephan.jpg\",\"contentUrl\":\"https:\\\/\\\/www.mlc-munich.de\\\/web\\\/wp-content\\\/uploads\\\/2024\\\/03\\\/bmrl2024_stephan.jpg\",\"width\":1512,\"height\":1512},{\"@type\":\"BreadcrumbList\",\"@id\":\"https:\\\/\\\/www.mlc-munich.de\\\/web\\\/der-bavarian-mister-leather-2024-ist-stephan\\\/#breadcrumb\",\"itemListElement\":[{\"@type\":\"ListItem\",\"position\":1,\"name\":\"Startseite\",\"item\":\"https:\\\/\\\/www.mlc-munich.de\\\/web\\\/\"},{\"@type\":\"ListItem\",\"position\":2,\"name\":\"Der Bavarian Mister Leather 2024 ist: Stephan\"}]},{\"@type\":\"WebSite\",\"@id\":\"https:\\\/\\\/www.mlc-munich.de\\\/web\\\/#website\",\"url\":\"https:\\\/\\\/www.mlc-munich.de\\\/web\\\/\",\"name\":\"M\u00fcnchner L\u00f6wen Club e.V.\",\"description\":\"M\u00fcnchner L\u00f6wen Club e.V.\",\"publisher\":{\"@id\":\"https:\\\/\\\/www.mlc-munich.de\\\/web\\\/#organization\"},\"potentialAction\":[{\"@type\":\"SearchAction\",\"target\":{\"@type\":\"EntryPoint\",\"urlTemplate\":\"https:\\\/\\\/www.mlc-munich.de\\\/web\\\/?s={search_term_string}\"},\"query-input\":{\"@type\":\"PropertyValueSpecification\",\"valueRequired\":true,\"valueName\":\"search_term_string\"}}],\"inLanguage\":\"en-US\"},{\"@type\":\"Organization\",\"@id\":\"https:\\\/\\\/www.mlc-munich.de\\\/web\\\/#organization\",\"name\":\"M\u00fcnchner L\u00f6wen Club e.V.\",\"url\":\"https:\\\/\\\/www.mlc-munich.de\\\/web\\\/\",\"logo\":{\"@type\":\"ImageObject\",\"inLanguage\":\"en-US\",\"@id\":\"https:\\\/\\\/www.mlc-munich.de\\\/web\\\/#\\\/schema\\\/logo\\\/image\\\/\",\"url\":\"https:\\\/\\\/www.mlc-munich.de\\\/web\\\/wp-content\\\/uploads\\\/2018\\\/05\\\/logo_250x95px-Kopie.png\",\"contentUrl\":\"https:\\\/\\\/www.mlc-munich.de\\\/web\\\/wp-content\\\/uploads\\\/2018\\\/05\\\/logo_250x95px-Kopie.png\",\"width\":250,\"height\":95,\"caption\":\"M\u00fcnchner L\u00f6wen Club e.V.\"},\"image\":{\"@id\":\"https:\\\/\\\/www.mlc-munich.de\\\/web\\\/#\\\/schema\\\/logo\\\/image\\\/\"}},{\"@type\":\"Person\",\"@id\":\"https:\\\/\\\/www.mlc-munich.de\\\/web\\\/#\\\/schema\\\/person\\\/8ab46efdd6adab85dc79e46ba23bf666\",\"name\":\"Andreas Bl\u00fcm\",\"image\":{\"@type\":\"ImageObject\",\"inLanguage\":\"en-US\",\"@id\":\"https:\\\/\\\/secure.gravatar.com\\\/avatar\\\/4911c491b7f433eacb8c9d4ed7cdc1b43c9980887f0b50534ea89397966226ee?s=96&d=mm&r=r\",\"url\":\"https:\\\/\\\/secure.gravatar.com\\\/avatar\\\/4911c491b7f433eacb8c9d4ed7cdc1b43c9980887f0b50534ea89397966226ee?s=96&d=mm&r=r\",\"contentUrl\":\"https:\\\/\\\/secure.gravatar.com\\\/avatar\\\/4911c491b7f433eacb8c9d4ed7cdc1b43c9980887f0b50534ea89397966226ee?s=96&d=mm&r=r\",\"caption\":\"Andreas Bl\u00fcm\"},\"url\":\"https:\\\/\\\/www.mlc-munich.de\\\/web\\\/en\\\/author\\\/andy\\\/\"}]}<\/script>\n<!-- \/ Yoast SEO plugin. -->","yoast_head_json":{"title":"Der Bavarian Mister Leather 2024 ist: Stephan - M\u00fcnchner L\u00f6wen Club e.V.","robots":{"index":"index","follow":"follow","max-snippet":"max-snippet:-1","max-image-preview":"max-image-preview:large","max-video-preview":"max-video-preview:-1"},"canonical":"https:\/\/www.mlc-munich.de\/web\/der-bavarian-mister-leather-2024-ist-stephan\/","og_locale":"en_US","og_type":"article","og_title":"Der Bavarian Mister Leather 2024 ist: Stephan - M\u00fcnchner L\u00f6wen Club e.V.","og_url":"https:\/\/www.mlc-munich.de\/web\/der-bavarian-mister-leather-2024-ist-stephan\/","og_site_name":"M\u00fcnchner L\u00f6wen Club e.V.","article_published_time":"2024-03-18T07:30:19+00:00","article_modified_time":"2024-03-18T07:30:43+00:00","og_image":[{"width":1512,"height":1512,"url":"https:\/\/www.mlc-munich.de\/web\/wp-content\/uploads\/2024\/03\/bmrl2024_stephan.jpg","type":"image\/jpeg"}],"author":"Andreas Bl\u00fcm","twitter_card":"summary_large_image","twitter_misc":{"Written by":"Andreas Bl\u00fcm","Est. reading time":"1 minute"},"schema":{"@context":"https:\/\/schema.org","@graph":[{"@type":"Article","@id":"https:\/\/www.mlc-munich.de\/web\/der-bavarian-mister-leather-2024-ist-stephan\/#article","isPartOf":{"@id":"https:\/\/www.mlc-munich.de\/web\/der-bavarian-mister-leather-2024-ist-stephan\/"},"author":{"name":"Andreas Bl\u00fcm","@id":"https:\/\/www.mlc-munich.de\/web\/#\/schema\/person\/8ab46efdd6adab85dc79e46ba23bf666"},"headline":"Der Bavarian Mister Leather 2024 ist: Stephan","datePublished":"2024-03-18T07:30:19+00:00","dateModified":"2024-03-18T07:30:43+00:00","mainEntityOfPage":{"@id":"https:\/\/www.mlc-munich.de\/web\/der-bavarian-mister-leather-2024-ist-stephan\/"},"wordCount":21,"publisher":{"@id":"https:\/\/www.mlc-munich.de\/web\/#organization"},"image":{"@id":"https:\/\/www.mlc-munich.de\/web\/der-bavarian-mister-leather-2024-ist-stephan\/#primaryimage"},"thumbnailUrl":"https:\/\/www.mlc-munich.de\/web\/wp-content\/uploads\/2024\/03\/bmrl2024_stephan.jpg","articleSection":["Allgemein"],"inLanguage":"en-US"},{"@type":"WebPage","@id":"https:\/\/www.mlc-munich.de\/web\/der-bavarian-mister-leather-2024-ist-stephan\/","url":"https:\/\/www.mlc-munich.de\/web\/der-bavarian-mister-leather-2024-ist-stephan\/","name":"Der Bavarian Mister Leather 2024 ist: Stephan - M\u00fcnchner L\u00f6wen Club e.V.","isPartOf":{"@id":"https:\/\/www.mlc-munich.de\/web\/#website"},"primaryImageOfPage":{"@id":"https:\/\/www.mlc-munich.de\/web\/der-bavarian-mister-leather-2024-ist-stephan\/#primaryimage"},"image":{"@id":"https:\/\/www.mlc-munich.de\/web\/der-bavarian-mister-leather-2024-ist-stephan\/#primaryimage"},"thumbnailUrl":"https:\/\/www.mlc-munich.de\/web\/wp-content\/uploads\/2024\/03\/bmrl2024_stephan.jpg","datePublished":"2024-03-18T07:30:19+00:00","dateModified":"2024-03-18T07:30:43+00:00","breadcrumb":{"@id":"https:\/\/www.mlc-munich.de\/web\/der-bavarian-mister-leather-2024-ist-stephan\/#breadcrumb"},"inLanguage":"en-US","potentialAction":[{"@type":"ReadAction","target":["https:\/\/www.mlc-munich.de\/web\/der-bavarian-mister-leather-2024-ist-stephan\/"]}]},{"@type":"ImageObject","inLanguage":"en-US","@id":"https:\/\/www.mlc-munich.de\/web\/der-bavarian-mister-leather-2024-ist-stephan\/#primaryimage","url":"https:\/\/www.mlc-munich.de\/web\/wp-content\/uploads\/2024\/03\/bmrl2024_stephan.jpg","contentUrl":"https:\/\/www.mlc-munich.de\/web\/wp-content\/uploads\/2024\/03\/bmrl2024_stephan.jpg","width":1512,"height":1512},{"@type":"BreadcrumbList","@id":"https:\/\/www.mlc-munich.de\/web\/der-bavarian-mister-leather-2024-ist-stephan\/#breadcrumb","itemListElement":[{"@type":"ListItem","position":1,"name":"Startseite","item":"https:\/\/www.mlc-munich.de\/web\/"},{"@type":"ListItem","position":2,"name":"Der Bavarian Mister Leather 2024 ist: Stephan"}]},{"@type":"WebSite","@id":"https:\/\/www.mlc-munich.de\/web\/#website","url":"https:\/\/www.mlc-munich.de\/web\/","name":"M\u00fcnchner L\u00f6wen Club e.V.","description":"M\u00fcnchner L\u00f6wen Club e.V.","publisher":{"@id":"https:\/\/www.mlc-munich.de\/web\/#organization"},"potentialAction":[{"@type":"SearchAction","target":{"@type":"EntryPoint","urlTemplate":"https:\/\/www.mlc-munich.de\/web\/?s={search_term_string}"},"query-input":{"@type":"PropertyValueSpecification","valueRequired":true,"valueName":"search_term_string"}}],"inLanguage":"en-US"},{"@type":"Organization","@id":"https:\/\/www.mlc-munich.de\/web\/#organization","name":"M\u00fcnchner L\u00f6wen Club e.V.","url":"https:\/\/www.mlc-munich.de\/web\/","logo":{"@type":"ImageObject","inLanguage":"en-US","@id":"https:\/\/www.mlc-munich.de\/web\/#\/schema\/logo\/image\/","url":"https:\/\/www.mlc-munich.de\/web\/wp-content\/uploads\/2018\/05\/logo_250x95px-Kopie.png","contentUrl":"https:\/\/www.mlc-munich.de\/web\/wp-content\/uploads\/2018\/05\/logo_250x95px-Kopie.png","width":250,"height":95,"caption":"M\u00fcnchner L\u00f6wen Club e.V."},"image":{"@id":"https:\/\/www.mlc-munich.de\/web\/#\/schema\/logo\/image\/"}},{"@type":"Person","@id":"https:\/\/www.mlc-munich.de\/web\/#\/schema\/person\/8ab46efdd6adab85dc79e46ba23bf666","name":"Andreas Bl\u00fcm","image":{"@type":"ImageObject","inLanguage":"en-US","@id":"https:\/\/secure.gravatar.com\/avatar\/4911c491b7f433eacb8c9d4ed7cdc1b43c9980887f0b50534ea89397966226ee?s=96&d=mm&r=r","url":"https:\/\/secure.gravatar.com\/avatar\/4911c491b7f433eacb8c9d4ed7cdc1b43c9980887f0b50534ea89397966226ee?s=96&d=mm&r=r","contentUrl":"https:\/\/secure.gravatar.com\/avatar\/4911c491b7f433eacb8c9d4ed7cdc1b43c9980887f0b50534ea89397966226ee?s=96&d=mm&r=r","caption":"Andreas Bl\u00fcm"},"url":"https:\/\/www.mlc-munich.de\/web\/en\/author\/andy\/"}]}},"_links":{"self":[{"href":"https:\/\/www.mlc-munich.de\/web\/en\/wp-json\/wp\/v2\/posts\/12816","targetHints":{"allow":["GET"]}}],"collection":[{"href":"https:\/\/www.mlc-munich.de\/web\/en\/wp-json\/wp\/v2\/posts"}],"about":[{"href":"https:\/\/www.mlc-munich.de\/web\/en\/wp-json\/wp\/v2\/types\/post"}],"author":[{"embeddable":true,"href":"https:\/\/www.mlc-munich.de\/web\/en\/wp-json\/wp\/v2\/users\/2"}],"replies":[{"embeddable":true,"href":"https:\/\/www.mlc-munich.de\/web\/en\/wp-json\/wp\/v2\/comments?post=12816"}],"version-history":[{"count":2,"href":"https:\/\/www.mlc-munich.de\/web\/en\/wp-json\/wp\/v2\/posts\/12816\/revisions"}],"predecessor-version":[{"id":12818,"href":"https:\/\/www.mlc-munich.de\/web\/en\/wp-json\/wp\/v2\/posts\/12816\/revisions\/12818"}],"wp:featuredmedia":[{"embeddable":true,"href":"https:\/\/www.mlc-munich.de\/web\/en\/wp-json\/wp\/v2\/media\/12800"}],"wp:attachment":[{"href":"https:\/\/www.mlc-munich.de\/web\/en\/wp-json\/wp\/v2\/media?parent=12816"}],"wp:term":[{"taxonomy":"category","embeddable":true,"href":"https:\/\/www.mlc-munich.de\/web\/en\/wp-json\/wp\/v2\/categories?post=12816"},{"taxonomy":"post_tag","embeddable":true,"href":"https:\/\/www.mlc-munich.de\/web\/en\/wp-json\/wp\/v2\/tags?post=12816"}],"curies":[{"name":"wp","href":"https:\/\/api.w.org\/{rel}","templated":true}]}}