{"id":7312,"date":"2023-09-25T13:03:03","date_gmt":"2023-09-25T11:03:03","guid":{"rendered":"https:\/\/www.mlc-munich.de\/web\/?p=7312"},"modified":"2023-09-25T13:03:30","modified_gmt":"2023-09-25T11:03:30","slug":"wiesn-gaysunday-2023","status":"publish","type":"post","link":"https:\/\/www.mlc-munich.de\/web\/en\/wiesn-gaysunday-2023\/","title":{"rendered":"Wiesn GaySunday 2023"},"content":{"rendered":"<p>Schee wars\u00b4! F\u00fcnf Tage lang haben wir das MLC Oktoberfest Treffen gefeiert! Bei perfektem Wetter haben Hunderte von Jungs und M\u00e4nnern in Fetisch und Tracht ausgelassen gefeiert. Ein herzliches Dankesch\u00f6n an unsere zahlreichen nationalen und internationalen Titeltr\u00e4ger sowie an die Schwestern der perpetuellen Indulgenz. Gro\u00dfer Dank geht auch an unsere Sponsoren SpeXter und TYSK sowie an unsere Kooperationspartner Sub, das Oberangetheater, unseren Dachverband LFC und nat\u00fcrlich die Br\u00e4urosl und die Kapelle Josef Menzel und an den Ochsengarten.<\/p>\n<p>Besonders m\u00f6chten wir unseren \u00fcber 50 ehrenamtlichen Helfern danken, die seit Donnerstag Tag und Nacht hart f\u00fcr uns alle gearbeitet haben. <strong>DANKE F\u00dcR EUREN UNERM\u00dcDLICHEN EINSATZ.<\/strong><\/p>\n<p>Wir k\u00f6nnen es kaum erwarten, ein ereignisreiches Jubil\u00e4umsjahr 2024 mit euch zu feiern! <a href=\"https:\/\/www.mlc-munich.de\/web\/partys-events\/50-jahre-mlc\/\">https:\/\/www.mlc-munich.de\/web\/partys-events\/50-jahre-mlc\/<\/a><\/p>\n\n\t\t<style type=\"text\/css\">\n\t\t\t#gallery-1 {\n\t\t\t\tmargin: auto;\n\t\t\t}\n\t\t\t#gallery-1 .gallery-item {\n\t\t\t\tfloat: left;\n\t\t\t\tmargin-top: 10px;\n\t\t\t\ttext-align: center;\n\t\t\t\twidth: 50%;\n\t\t\t}\n\t\t\t#gallery-1 img {\n\t\t\t\tborder: 2px solid #cfcfcf;\n\t\t\t}\n\t\t\t#gallery-1 .gallery-caption {\n\t\t\t\tmargin-left: 0;\n\t\t\t}\n\t\t\t\/* see gallery_shortcode() in wp-includes\/media.php *\/\n\t\t<\/style>\n\t\t<div id='gallery-1' class='gallery galleryid-7312 gallery-columns-2 gallery-size-large'><dl class='gallery-item'>\n\t\t\t<dt class='gallery-icon landscape'>\n\t\t\t\t<a href='https:\/\/www.mlc-munich.de\/web\/wp-content\/uploads\/2023\/09\/4AFC73E1-4BD9-4D08-AA1C-14B2826CD47F.png'><img loading=\"lazy\" decoding=\"async\" width=\"720\" height=\"720\" src=\"https:\/\/www.mlc-munich.de\/web\/wp-content\/uploads\/2023\/09\/4AFC73E1-4BD9-4D08-AA1C-14B2826CD47F.png\" class=\"attachment-large size-large\" alt=\"\" srcset=\"https:\/\/www.mlc-munich.de\/web\/wp-content\/uploads\/2023\/09\/4AFC73E1-4BD9-4D08-AA1C-14B2826CD47F.png 800w, https:\/\/www.mlc-munich.de\/web\/wp-content\/uploads\/2023\/09\/4AFC73E1-4BD9-4D08-AA1C-14B2826CD47F-600x600.png 600w, https:\/\/www.mlc-munich.de\/web\/wp-content\/uploads\/2023\/09\/4AFC73E1-4BD9-4D08-AA1C-14B2826CD47F-200x200.png 200w, https:\/\/www.mlc-munich.de\/web\/wp-content\/uploads\/2023\/09\/4AFC73E1-4BD9-4D08-AA1C-14B2826CD47F-768x768.png 768w\" sizes=\"auto, (max-width: 720px) 100vw, 720px\" \/><\/a>\n\t\t\t<\/dt><\/dl><dl class='gallery-item'>\n\t\t\t<dt class='gallery-icon landscape'>\n\t\t\t\t<a href='https:\/\/www.mlc-munich.de\/web\/wp-content\/uploads\/2023\/09\/12E51B33-9591-47DA-8A55-E10C6027A541.png'><img loading=\"lazy\" decoding=\"async\" width=\"720\" height=\"720\" src=\"https:\/\/www.mlc-munich.de\/web\/wp-content\/uploads\/2023\/09\/12E51B33-9591-47DA-8A55-E10C6027A541.png\" class=\"attachment-large size-large\" alt=\"\" srcset=\"https:\/\/www.mlc-munich.de\/web\/wp-content\/uploads\/2023\/09\/12E51B33-9591-47DA-8A55-E10C6027A541.png 800w, https:\/\/www.mlc-munich.de\/web\/wp-content\/uploads\/2023\/09\/12E51B33-9591-47DA-8A55-E10C6027A541-600x600.png 600w, https:\/\/www.mlc-munich.de\/web\/wp-content\/uploads\/2023\/09\/12E51B33-9591-47DA-8A55-E10C6027A541-200x200.png 200w, https:\/\/www.mlc-munich.de\/web\/wp-content\/uploads\/2023\/09\/12E51B33-9591-47DA-8A55-E10C6027A541-768x768.png 768w\" sizes=\"auto, (max-width: 720px) 100vw, 720px\" \/><\/a>\n\t\t\t<\/dt><\/dl><br style=\"clear: both\" \/><dl class='gallery-item'>\n\t\t\t<dt class='gallery-icon landscape'>\n\t\t\t\t<a href='https:\/\/www.mlc-munich.de\/web\/wp-content\/uploads\/2023\/09\/39CC293C-D504-45CC-B171-054A28213B47.png'><img loading=\"lazy\" decoding=\"async\" width=\"720\" height=\"720\" src=\"https:\/\/www.mlc-munich.de\/web\/wp-content\/uploads\/2023\/09\/39CC293C-D504-45CC-B171-054A28213B47.png\" class=\"attachment-large size-large\" alt=\"\" srcset=\"https:\/\/www.mlc-munich.de\/web\/wp-content\/uploads\/2023\/09\/39CC293C-D504-45CC-B171-054A28213B47.png 800w, https:\/\/www.mlc-munich.de\/web\/wp-content\/uploads\/2023\/09\/39CC293C-D504-45CC-B171-054A28213B47-600x600.png 600w, https:\/\/www.mlc-munich.de\/web\/wp-content\/uploads\/2023\/09\/39CC293C-D504-45CC-B171-054A28213B47-200x200.png 200w, https:\/\/www.mlc-munich.de\/web\/wp-content\/uploads\/2023\/09\/39CC293C-D504-45CC-B171-054A28213B47-768x768.png 768w\" sizes=\"auto, (max-width: 720px) 100vw, 720px\" \/><\/a>\n\t\t\t<\/dt><\/dl><dl class='gallery-item'>\n\t\t\t<dt class='gallery-icon landscape'>\n\t\t\t\t<a href='https:\/\/www.mlc-munich.de\/web\/wp-content\/uploads\/2023\/09\/66D66AA8-F8A1-4FF8-88CC-A179CD3285BA.png'><img loading=\"lazy\" decoding=\"async\" width=\"720\" height=\"720\" src=\"https:\/\/www.mlc-munich.de\/web\/wp-content\/uploads\/2023\/09\/66D66AA8-F8A1-4FF8-88CC-A179CD3285BA.png\" class=\"attachment-large size-large\" alt=\"\" srcset=\"https:\/\/www.mlc-munich.de\/web\/wp-content\/uploads\/2023\/09\/66D66AA8-F8A1-4FF8-88CC-A179CD3285BA.png 800w, https:\/\/www.mlc-munich.de\/web\/wp-content\/uploads\/2023\/09\/66D66AA8-F8A1-4FF8-88CC-A179CD3285BA-600x600.png 600w, https:\/\/www.mlc-munich.de\/web\/wp-content\/uploads\/2023\/09\/66D66AA8-F8A1-4FF8-88CC-A179CD3285BA-200x200.png 200w, https:\/\/www.mlc-munich.de\/web\/wp-content\/uploads\/2023\/09\/66D66AA8-F8A1-4FF8-88CC-A179CD3285BA-768x768.png 768w\" sizes=\"auto, (max-width: 720px) 100vw, 720px\" \/><\/a>\n\t\t\t<\/dt><\/dl><br style=\"clear: both\" \/><dl class='gallery-item'>\n\t\t\t<dt class='gallery-icon landscape'>\n\t\t\t\t<a href='https:\/\/www.mlc-munich.de\/web\/wp-content\/uploads\/2023\/09\/88CBF166-89A6-4E78-BE01-596FC882D0CC.png'><img loading=\"lazy\" decoding=\"async\" width=\"720\" height=\"720\" src=\"https:\/\/www.mlc-munich.de\/web\/wp-content\/uploads\/2023\/09\/88CBF166-89A6-4E78-BE01-596FC882D0CC.png\" class=\"attachment-large size-large\" alt=\"\" srcset=\"https:\/\/www.mlc-munich.de\/web\/wp-content\/uploads\/2023\/09\/88CBF166-89A6-4E78-BE01-596FC882D0CC.png 800w, https:\/\/www.mlc-munich.de\/web\/wp-content\/uploads\/2023\/09\/88CBF166-89A6-4E78-BE01-596FC882D0CC-600x600.png 600w, https:\/\/www.mlc-munich.de\/web\/wp-content\/uploads\/2023\/09\/88CBF166-89A6-4E78-BE01-596FC882D0CC-200x200.png 200w, https:\/\/www.mlc-munich.de\/web\/wp-content\/uploads\/2023\/09\/88CBF166-89A6-4E78-BE01-596FC882D0CC-768x768.png 768w\" sizes=\"auto, (max-width: 720px) 100vw, 720px\" \/><\/a>\n\t\t\t<\/dt><\/dl><dl class='gallery-item'>\n\t\t\t<dt class='gallery-icon landscape'>\n\t\t\t\t<a href='https:\/\/www.mlc-munich.de\/web\/wp-content\/uploads\/2023\/09\/088D3336-FCAB-4B4B-A3DE-C816D7144EE8.png'><img loading=\"lazy\" decoding=\"async\" width=\"720\" height=\"720\" src=\"https:\/\/www.mlc-munich.de\/web\/wp-content\/uploads\/2023\/09\/088D3336-FCAB-4B4B-A3DE-C816D7144EE8.png\" class=\"attachment-large size-large\" alt=\"\" srcset=\"https:\/\/www.mlc-munich.de\/web\/wp-content\/uploads\/2023\/09\/088D3336-FCAB-4B4B-A3DE-C816D7144EE8.png 800w, https:\/\/www.mlc-munich.de\/web\/wp-content\/uploads\/2023\/09\/088D3336-FCAB-4B4B-A3DE-C816D7144EE8-600x600.png 600w, https:\/\/www.mlc-munich.de\/web\/wp-content\/uploads\/2023\/09\/088D3336-FCAB-4B4B-A3DE-C816D7144EE8-200x200.png 200w, https:\/\/www.mlc-munich.de\/web\/wp-content\/uploads\/2023\/09\/088D3336-FCAB-4B4B-A3DE-C816D7144EE8-768x768.png 768w\" sizes=\"auto, (max-width: 720px) 100vw, 720px\" \/><\/a>\n\t\t\t<\/dt><\/dl><br style=\"clear: both\" \/><dl class='gallery-item'>\n\t\t\t<dt class='gallery-icon landscape'>\n\t\t\t\t<a href='https:\/\/www.mlc-munich.de\/web\/wp-content\/uploads\/2023\/09\/131D5DF8-EF21-4FAE-9F64-F790A9EE66EF.png'><img loading=\"lazy\" decoding=\"async\" width=\"720\" height=\"720\" src=\"https:\/\/www.mlc-munich.de\/web\/wp-content\/uploads\/2023\/09\/131D5DF8-EF21-4FAE-9F64-F790A9EE66EF.png\" class=\"attachment-large size-large\" alt=\"\" srcset=\"https:\/\/www.mlc-munich.de\/web\/wp-content\/uploads\/2023\/09\/131D5DF8-EF21-4FAE-9F64-F790A9EE66EF.png 800w, https:\/\/www.mlc-munich.de\/web\/wp-content\/uploads\/2023\/09\/131D5DF8-EF21-4FAE-9F64-F790A9EE66EF-600x600.png 600w, https:\/\/www.mlc-munich.de\/web\/wp-content\/uploads\/2023\/09\/131D5DF8-EF21-4FAE-9F64-F790A9EE66EF-200x200.png 200w, https:\/\/www.mlc-munich.de\/web\/wp-content\/uploads\/2023\/09\/131D5DF8-EF21-4FAE-9F64-F790A9EE66EF-768x768.png 768w\" sizes=\"auto, (max-width: 720px) 100vw, 720px\" \/><\/a>\n\t\t\t<\/dt><\/dl><dl class='gallery-item'>\n\t\t\t<dt class='gallery-icon landscape'>\n\t\t\t\t<a href='https:\/\/www.mlc-munich.de\/web\/wp-content\/uploads\/2023\/09\/591F0D85-AF13-416A-BE42-6C1D44DA6B1A.png'><img loading=\"lazy\" decoding=\"async\" width=\"720\" height=\"720\" src=\"https:\/\/www.mlc-munich.de\/web\/wp-content\/uploads\/2023\/09\/591F0D85-AF13-416A-BE42-6C1D44DA6B1A.png\" class=\"attachment-large size-large\" alt=\"\" srcset=\"https:\/\/www.mlc-munich.de\/web\/wp-content\/uploads\/2023\/09\/591F0D85-AF13-416A-BE42-6C1D44DA6B1A.png 800w, https:\/\/www.mlc-munich.de\/web\/wp-content\/uploads\/2023\/09\/591F0D85-AF13-416A-BE42-6C1D44DA6B1A-600x600.png 600w, https:\/\/www.mlc-munich.de\/web\/wp-content\/uploads\/2023\/09\/591F0D85-AF13-416A-BE42-6C1D44DA6B1A-200x200.png 200w, https:\/\/www.mlc-munich.de\/web\/wp-content\/uploads\/2023\/09\/591F0D85-AF13-416A-BE42-6C1D44DA6B1A-768x768.png 768w\" sizes=\"auto, (max-width: 720px) 100vw, 720px\" \/><\/a>\n\t\t\t<\/dt><\/dl><br style=\"clear: both\" \/><dl class='gallery-item'>\n\t\t\t<dt class='gallery-icon landscape'>\n\t\t\t\t<a href='https:\/\/www.mlc-munich.de\/web\/wp-content\/uploads\/2023\/09\/ADC563D3-C26C-41A4-95CE-24D510D72298.png'><img loading=\"lazy\" decoding=\"async\" width=\"720\" height=\"720\" src=\"https:\/\/www.mlc-munich.de\/web\/wp-content\/uploads\/2023\/09\/ADC563D3-C26C-41A4-95CE-24D510D72298.png\" class=\"attachment-large size-large\" alt=\"\" srcset=\"https:\/\/www.mlc-munich.de\/web\/wp-content\/uploads\/2023\/09\/ADC563D3-C26C-41A4-95CE-24D510D72298.png 800w, https:\/\/www.mlc-munich.de\/web\/wp-content\/uploads\/2023\/09\/ADC563D3-C26C-41A4-95CE-24D510D72298-600x600.png 600w, https:\/\/www.mlc-munich.de\/web\/wp-content\/uploads\/2023\/09\/ADC563D3-C26C-41A4-95CE-24D510D72298-200x200.png 200w, https:\/\/www.mlc-munich.de\/web\/wp-content\/uploads\/2023\/09\/ADC563D3-C26C-41A4-95CE-24D510D72298-768x768.png 768w\" sizes=\"auto, (max-width: 720px) 100vw, 720px\" \/><\/a>\n\t\t\t<\/dt><\/dl><dl class='gallery-item'>\n\t\t\t<dt class='gallery-icon landscape'>\n\t\t\t\t<a href='https:\/\/www.mlc-munich.de\/web\/wp-content\/uploads\/2023\/09\/AE1284A5-FF4C-4CF9-8FDE-AC9BE048A358.png'><img loading=\"lazy\" decoding=\"async\" width=\"720\" height=\"720\" src=\"https:\/\/www.mlc-munich.de\/web\/wp-content\/uploads\/2023\/09\/AE1284A5-FF4C-4CF9-8FDE-AC9BE048A358.png\" class=\"attachment-large size-large\" alt=\"\" srcset=\"https:\/\/www.mlc-munich.de\/web\/wp-content\/uploads\/2023\/09\/AE1284A5-FF4C-4CF9-8FDE-AC9BE048A358.png 800w, https:\/\/www.mlc-munich.de\/web\/wp-content\/uploads\/2023\/09\/AE1284A5-FF4C-4CF9-8FDE-AC9BE048A358-600x600.png 600w, https:\/\/www.mlc-munich.de\/web\/wp-content\/uploads\/2023\/09\/AE1284A5-FF4C-4CF9-8FDE-AC9BE048A358-200x200.png 200w, https:\/\/www.mlc-munich.de\/web\/wp-content\/uploads\/2023\/09\/AE1284A5-FF4C-4CF9-8FDE-AC9BE048A358-768x768.png 768w\" sizes=\"auto, (max-width: 720px) 100vw, 720px\" \/><\/a>\n\t\t\t<\/dt><\/dl><br style=\"clear: both\" \/><dl class='gallery-item'>\n\t\t\t<dt class='gallery-icon landscape'>\n\t\t\t\t<a href='https:\/\/www.mlc-munich.de\/web\/wp-content\/uploads\/2023\/09\/C0E8EF8A-A33D-48E8-B5CA-F96A372D44E3.png'><img loading=\"lazy\" decoding=\"async\" width=\"720\" height=\"720\" src=\"https:\/\/www.mlc-munich.de\/web\/wp-content\/uploads\/2023\/09\/C0E8EF8A-A33D-48E8-B5CA-F96A372D44E3.png\" class=\"attachment-large size-large\" alt=\"\" srcset=\"https:\/\/www.mlc-munich.de\/web\/wp-content\/uploads\/2023\/09\/C0E8EF8A-A33D-48E8-B5CA-F96A372D44E3.png 800w, https:\/\/www.mlc-munich.de\/web\/wp-content\/uploads\/2023\/09\/C0E8EF8A-A33D-48E8-B5CA-F96A372D44E3-600x600.png 600w, https:\/\/www.mlc-munich.de\/web\/wp-content\/uploads\/2023\/09\/C0E8EF8A-A33D-48E8-B5CA-F96A372D44E3-200x200.png 200w, https:\/\/www.mlc-munich.de\/web\/wp-content\/uploads\/2023\/09\/C0E8EF8A-A33D-48E8-B5CA-F96A372D44E3-768x768.png 768w\" sizes=\"auto, (max-width: 720px) 100vw, 720px\" \/><\/a>\n\t\t\t<\/dt><\/dl><dl class='gallery-item'>\n\t\t\t<dt class='gallery-icon landscape'>\n\t\t\t\t<a href='https:\/\/www.mlc-munich.de\/web\/wp-content\/uploads\/2023\/09\/C38C2988-7606-4542-A8CB-28F840C2F7DD.png'><img loading=\"lazy\" decoding=\"async\" width=\"720\" height=\"720\" src=\"https:\/\/www.mlc-munich.de\/web\/wp-content\/uploads\/2023\/09\/C38C2988-7606-4542-A8CB-28F840C2F7DD.png\" class=\"attachment-large size-large\" alt=\"\" srcset=\"https:\/\/www.mlc-munich.de\/web\/wp-content\/uploads\/2023\/09\/C38C2988-7606-4542-A8CB-28F840C2F7DD.png 800w, https:\/\/www.mlc-munich.de\/web\/wp-content\/uploads\/2023\/09\/C38C2988-7606-4542-A8CB-28F840C2F7DD-600x600.png 600w, https:\/\/www.mlc-munich.de\/web\/wp-content\/uploads\/2023\/09\/C38C2988-7606-4542-A8CB-28F840C2F7DD-200x200.png 200w, https:\/\/www.mlc-munich.de\/web\/wp-content\/uploads\/2023\/09\/C38C2988-7606-4542-A8CB-28F840C2F7DD-768x768.png 768w\" sizes=\"auto, (max-width: 720px) 100vw, 720px\" \/><\/a>\n\t\t\t<\/dt><\/dl><br style=\"clear: both\" \/><dl class='gallery-item'>\n\t\t\t<dt class='gallery-icon landscape'>\n\t\t\t\t<a href='https:\/\/www.mlc-munich.de\/web\/wp-content\/uploads\/2023\/09\/F01C1345-100C-42AB-AB7B-E0A524CE0212.png'><img loading=\"lazy\" decoding=\"async\" width=\"720\" height=\"720\" src=\"https:\/\/www.mlc-munich.de\/web\/wp-content\/uploads\/2023\/09\/F01C1345-100C-42AB-AB7B-E0A524CE0212.png\" class=\"attachment-large size-large\" alt=\"\" srcset=\"https:\/\/www.mlc-munich.de\/web\/wp-content\/uploads\/2023\/09\/F01C1345-100C-42AB-AB7B-E0A524CE0212.png 800w, https:\/\/www.mlc-munich.de\/web\/wp-content\/uploads\/2023\/09\/F01C1345-100C-42AB-AB7B-E0A524CE0212-600x600.png 600w, https:\/\/www.mlc-munich.de\/web\/wp-content\/uploads\/2023\/09\/F01C1345-100C-42AB-AB7B-E0A524CE0212-200x200.png 200w, https:\/\/www.mlc-munich.de\/web\/wp-content\/uploads\/2023\/09\/F01C1345-100C-42AB-AB7B-E0A524CE0212-768x768.png 768w\" sizes=\"auto, (max-width: 720px) 100vw, 720px\" \/><\/a>\n\t\t\t<\/dt><\/dl><dl class='gallery-item'>\n\t\t\t<dt class='gallery-icon landscape'>\n\t\t\t\t<a href='https:\/\/www.mlc-munich.de\/web\/wp-content\/uploads\/2023\/09\/FF33A399-1D64-42FA-9585-3822E4360EAC.png'><img loading=\"lazy\" decoding=\"async\" width=\"720\" height=\"720\" src=\"https:\/\/www.mlc-munich.de\/web\/wp-content\/uploads\/2023\/09\/FF33A399-1D64-42FA-9585-3822E4360EAC.png\" class=\"attachment-large size-large\" alt=\"\" srcset=\"https:\/\/www.mlc-munich.de\/web\/wp-content\/uploads\/2023\/09\/FF33A399-1D64-42FA-9585-3822E4360EAC.png 800w, https:\/\/www.mlc-munich.de\/web\/wp-content\/uploads\/2023\/09\/FF33A399-1D64-42FA-9585-3822E4360EAC-600x600.png 600w, https:\/\/www.mlc-munich.de\/web\/wp-content\/uploads\/2023\/09\/FF33A399-1D64-42FA-9585-3822E4360EAC-200x200.png 200w, https:\/\/www.mlc-munich.de\/web\/wp-content\/uploads\/2023\/09\/FF33A399-1D64-42FA-9585-3822E4360EAC-768x768.png 768w\" sizes=\"auto, (max-width: 720px) 100vw, 720px\" \/><\/a>\n\t\t\t<\/dt><\/dl><br style=\"clear: both\" \/>\n\t\t<\/div>\n\n","protected":false},"excerpt":{"rendered":"<p>Schee wars\u00b4! F\u00fcnf Tage lang haben wir das MLC Oktoberfest Treffen gefeiert! Bei perfektem Wetter haben Hunderte von Jungs und M\u00e4nnern in Fetisch und Tracht ausgelassen gefeiert. Ein herzliches Dankesch\u00f6n an unsere zahlreichen nationalen und internationalen Titeltr\u00e4ger sowie an die Schwestern der perpetuellen Indulgenz. Gro\u00dfer Dank geht auch an unsere Sponsoren SpeXter und TYSK sowie an unsere Kooperationspartner Sub, das Oberangetheater, unseren Dachverband LFC und nat\u00fcrlich die Br\u00e4urosl und die Kapelle Josef Menzel und an den Ochsengarten. Besonders m\u00f6chten wir [&hellip;]<\/p>\n","protected":false},"author":2,"featured_media":7315,"comment_status":"closed","ping_status":"closed","sticky":false,"template":"","format":"standard","meta":{"footnotes":""},"categories":[1],"tags":[],"class_list":["post-7312","post","type-post","status-publish","format-standard","has-post-thumbnail","hentry","category-allgemein","post-with-thumbnail","post-with-thumbnail-icon"],"translation":{"provider":"WPGlobus","version":"3.0.2","language":"en","enabled_languages":["de","en"],"languages":{"de":{"title":true,"content":true,"excerpt":false},"en":{"title":false,"content":false,"excerpt":false}}},"yoast_head":"<!-- This site is optimized with the Yoast SEO plugin v27.4 - https:\/\/yoast.com\/product\/yoast-seo-wordpress\/ -->\n<title>Wiesn GaySunday 2023 - M\u00fcnchner L\u00f6wen Club e.V.<\/title>\n<meta name=\"robots\" content=\"index, follow, max-snippet:-1, max-image-preview:large, max-video-preview:-1\" \/>\n<link rel=\"canonical\" href=\"https:\/\/www.mlc-munich.de\/web\/wiesn-gaysunday-2023\/\" \/>\n<meta property=\"og:locale\" content=\"en_US\" \/>\n<meta property=\"og:type\" content=\"article\" \/>\n<meta property=\"og:title\" content=\"Wiesn GaySunday 2023 - M\u00fcnchner L\u00f6wen Club e.V.\" \/>\n<meta property=\"og:url\" content=\"https:\/\/www.mlc-munich.de\/web\/wiesn-gaysunday-2023\/\" \/>\n<meta property=\"og:site_name\" content=\"M\u00fcnchner L\u00f6wen Club e.V.\" \/>\n<meta property=\"article:published_time\" content=\"2023-09-25T11:03:03+00:00\" \/>\n<meta property=\"article:modified_time\" content=\"2023-09-25T11:03:30+00:00\" \/>\n<meta property=\"og:image\" content=\"https:\/\/www.mlc-munich.de\/web\/wp-content\/uploads\/2023\/09\/39CC293C-D504-45CC-B171-054A28213B47.png\" \/>\n\t<meta property=\"og:image:width\" content=\"800\" \/>\n\t<meta property=\"og:image:height\" content=\"800\" \/>\n\t<meta property=\"og:image:type\" content=\"image\/png\" \/>\n<meta name=\"author\" content=\"Andreas Bl\u00fcm\" \/>\n<meta name=\"twitter:card\" content=\"summary_large_image\" \/>\n<meta name=\"twitter:label1\" content=\"Written by\" \/>\n\t<meta name=\"twitter:data1\" content=\"Andreas Bl\u00fcm\" \/>\n\t<meta name=\"twitter:label2\" content=\"Est. reading time\" \/>\n\t<meta name=\"twitter:data2\" content=\"1 minute\" \/>\n<script type=\"application\/ld+json\" class=\"yoast-schema-graph\">{\"@context\":\"https:\\\/\\\/schema.org\",\"@graph\":[{\"@type\":\"Article\",\"@id\":\"https:\\\/\\\/www.mlc-munich.de\\\/web\\\/wiesn-gaysunday-2023\\\/#article\",\"isPartOf\":{\"@id\":\"https:\\\/\\\/www.mlc-munich.de\\\/web\\\/wiesn-gaysunday-2023\\\/\"},\"author\":{\"name\":\"Andreas Bl\u00fcm\",\"@id\":\"https:\\\/\\\/www.mlc-munich.de\\\/web\\\/#\\\/schema\\\/person\\\/8ab46efdd6adab85dc79e46ba23bf666\"},\"headline\":\"Wiesn GaySunday 2023\",\"datePublished\":\"2023-09-25T11:03:03+00:00\",\"dateModified\":\"2023-09-25T11:03:30+00:00\",\"mainEntityOfPage\":{\"@id\":\"https:\\\/\\\/www.mlc-munich.de\\\/web\\\/wiesn-gaysunday-2023\\\/\"},\"wordCount\":143,\"publisher\":{\"@id\":\"https:\\\/\\\/www.mlc-munich.de\\\/web\\\/#organization\"},\"image\":{\"@id\":\"https:\\\/\\\/www.mlc-munich.de\\\/web\\\/wiesn-gaysunday-2023\\\/#primaryimage\"},\"thumbnailUrl\":\"https:\\\/\\\/www.mlc-munich.de\\\/web\\\/wp-content\\\/uploads\\\/2023\\\/09\\\/39CC293C-D504-45CC-B171-054A28213B47.png\",\"articleSection\":[\"Allgemein\"],\"inLanguage\":\"en-US\"},{\"@type\":\"WebPage\",\"@id\":\"https:\\\/\\\/www.mlc-munich.de\\\/web\\\/wiesn-gaysunday-2023\\\/\",\"url\":\"https:\\\/\\\/www.mlc-munich.de\\\/web\\\/wiesn-gaysunday-2023\\\/\",\"name\":\"Wiesn GaySunday 2023 - M\u00fcnchner L\u00f6wen Club e.V.\",\"isPartOf\":{\"@id\":\"https:\\\/\\\/www.mlc-munich.de\\\/web\\\/#website\"},\"primaryImageOfPage\":{\"@id\":\"https:\\\/\\\/www.mlc-munich.de\\\/web\\\/wiesn-gaysunday-2023\\\/#primaryimage\"},\"image\":{\"@id\":\"https:\\\/\\\/www.mlc-munich.de\\\/web\\\/wiesn-gaysunday-2023\\\/#primaryimage\"},\"thumbnailUrl\":\"https:\\\/\\\/www.mlc-munich.de\\\/web\\\/wp-content\\\/uploads\\\/2023\\\/09\\\/39CC293C-D504-45CC-B171-054A28213B47.png\",\"datePublished\":\"2023-09-25T11:03:03+00:00\",\"dateModified\":\"2023-09-25T11:03:30+00:00\",\"breadcrumb\":{\"@id\":\"https:\\\/\\\/www.mlc-munich.de\\\/web\\\/wiesn-gaysunday-2023\\\/#breadcrumb\"},\"inLanguage\":\"en-US\",\"potentialAction\":[{\"@type\":\"ReadAction\",\"target\":[\"https:\\\/\\\/www.mlc-munich.de\\\/web\\\/wiesn-gaysunday-2023\\\/\"]}]},{\"@type\":\"ImageObject\",\"inLanguage\":\"en-US\",\"@id\":\"https:\\\/\\\/www.mlc-munich.de\\\/web\\\/wiesn-gaysunday-2023\\\/#primaryimage\",\"url\":\"https:\\\/\\\/www.mlc-munich.de\\\/web\\\/wp-content\\\/uploads\\\/2023\\\/09\\\/39CC293C-D504-45CC-B171-054A28213B47.png\",\"contentUrl\":\"https:\\\/\\\/www.mlc-munich.de\\\/web\\\/wp-content\\\/uploads\\\/2023\\\/09\\\/39CC293C-D504-45CC-B171-054A28213B47.png\",\"width\":800,\"height\":800},{\"@type\":\"BreadcrumbList\",\"@id\":\"https:\\\/\\\/www.mlc-munich.de\\\/web\\\/wiesn-gaysunday-2023\\\/#breadcrumb\",\"itemListElement\":[{\"@type\":\"ListItem\",\"position\":1,\"name\":\"Startseite\",\"item\":\"https:\\\/\\\/www.mlc-munich.de\\\/web\\\/\"},{\"@type\":\"ListItem\",\"position\":2,\"name\":\"Wiesn GaySunday 2023\"}]},{\"@type\":\"WebSite\",\"@id\":\"https:\\\/\\\/www.mlc-munich.de\\\/web\\\/#website\",\"url\":\"https:\\\/\\\/www.mlc-munich.de\\\/web\\\/\",\"name\":\"M\u00fcnchner L\u00f6wen Club e.V.\",\"description\":\"M\u00fcnchner L\u00f6wen Club e.V.\",\"publisher\":{\"@id\":\"https:\\\/\\\/www.mlc-munich.de\\\/web\\\/#organization\"},\"potentialAction\":[{\"@type\":\"SearchAction\",\"target\":{\"@type\":\"EntryPoint\",\"urlTemplate\":\"https:\\\/\\\/www.mlc-munich.de\\\/web\\\/?s={search_term_string}\"},\"query-input\":{\"@type\":\"PropertyValueSpecification\",\"valueRequired\":true,\"valueName\":\"search_term_string\"}}],\"inLanguage\":\"en-US\"},{\"@type\":\"Organization\",\"@id\":\"https:\\\/\\\/www.mlc-munich.de\\\/web\\\/#organization\",\"name\":\"M\u00fcnchner L\u00f6wen Club e.V.\",\"url\":\"https:\\\/\\\/www.mlc-munich.de\\\/web\\\/\",\"logo\":{\"@type\":\"ImageObject\",\"inLanguage\":\"en-US\",\"@id\":\"https:\\\/\\\/www.mlc-munich.de\\\/web\\\/#\\\/schema\\\/logo\\\/image\\\/\",\"url\":\"https:\\\/\\\/www.mlc-munich.de\\\/web\\\/wp-content\\\/uploads\\\/2018\\\/05\\\/logo_250x95px-Kopie.png\",\"contentUrl\":\"https:\\\/\\\/www.mlc-munich.de\\\/web\\\/wp-content\\\/uploads\\\/2018\\\/05\\\/logo_250x95px-Kopie.png\",\"width\":250,\"height\":95,\"caption\":\"M\u00fcnchner L\u00f6wen Club e.V.\"},\"image\":{\"@id\":\"https:\\\/\\\/www.mlc-munich.de\\\/web\\\/#\\\/schema\\\/logo\\\/image\\\/\"}},{\"@type\":\"Person\",\"@id\":\"https:\\\/\\\/www.mlc-munich.de\\\/web\\\/#\\\/schema\\\/person\\\/8ab46efdd6adab85dc79e46ba23bf666\",\"name\":\"Andreas Bl\u00fcm\",\"image\":{\"@type\":\"ImageObject\",\"inLanguage\":\"en-US\",\"@id\":\"https:\\\/\\\/secure.gravatar.com\\\/avatar\\\/4911c491b7f433eacb8c9d4ed7cdc1b43c9980887f0b50534ea89397966226ee?s=96&d=mm&r=r\",\"url\":\"https:\\\/\\\/secure.gravatar.com\\\/avatar\\\/4911c491b7f433eacb8c9d4ed7cdc1b43c9980887f0b50534ea89397966226ee?s=96&d=mm&r=r\",\"contentUrl\":\"https:\\\/\\\/secure.gravatar.com\\\/avatar\\\/4911c491b7f433eacb8c9d4ed7cdc1b43c9980887f0b50534ea89397966226ee?s=96&d=mm&r=r\",\"caption\":\"Andreas Bl\u00fcm\"},\"url\":\"https:\\\/\\\/www.mlc-munich.de\\\/web\\\/en\\\/author\\\/andy\\\/\"}]}<\/script>\n<!-- \/ Yoast SEO plugin. -->","yoast_head_json":{"title":"Wiesn GaySunday 2023 - M\u00fcnchner L\u00f6wen Club e.V.","robots":{"index":"index","follow":"follow","max-snippet":"max-snippet:-1","max-image-preview":"max-image-preview:large","max-video-preview":"max-video-preview:-1"},"canonical":"https:\/\/www.mlc-munich.de\/web\/wiesn-gaysunday-2023\/","og_locale":"en_US","og_type":"article","og_title":"Wiesn GaySunday 2023 - M\u00fcnchner L\u00f6wen Club e.V.","og_url":"https:\/\/www.mlc-munich.de\/web\/wiesn-gaysunday-2023\/","og_site_name":"M\u00fcnchner L\u00f6wen Club e.V.","article_published_time":"2023-09-25T11:03:03+00:00","article_modified_time":"2023-09-25T11:03:30+00:00","og_image":[{"width":800,"height":800,"url":"https:\/\/www.mlc-munich.de\/web\/wp-content\/uploads\/2023\/09\/39CC293C-D504-45CC-B171-054A28213B47.png","type":"image\/png"}],"author":"Andreas Bl\u00fcm","twitter_card":"summary_large_image","twitter_misc":{"Written by":"Andreas Bl\u00fcm","Est. reading time":"1 minute"},"schema":{"@context":"https:\/\/schema.org","@graph":[{"@type":"Article","@id":"https:\/\/www.mlc-munich.de\/web\/wiesn-gaysunday-2023\/#article","isPartOf":{"@id":"https:\/\/www.mlc-munich.de\/web\/wiesn-gaysunday-2023\/"},"author":{"name":"Andreas Bl\u00fcm","@id":"https:\/\/www.mlc-munich.de\/web\/#\/schema\/person\/8ab46efdd6adab85dc79e46ba23bf666"},"headline":"Wiesn GaySunday 2023","datePublished":"2023-09-25T11:03:03+00:00","dateModified":"2023-09-25T11:03:30+00:00","mainEntityOfPage":{"@id":"https:\/\/www.mlc-munich.de\/web\/wiesn-gaysunday-2023\/"},"wordCount":143,"publisher":{"@id":"https:\/\/www.mlc-munich.de\/web\/#organization"},"image":{"@id":"https:\/\/www.mlc-munich.de\/web\/wiesn-gaysunday-2023\/#primaryimage"},"thumbnailUrl":"https:\/\/www.mlc-munich.de\/web\/wp-content\/uploads\/2023\/09\/39CC293C-D504-45CC-B171-054A28213B47.png","articleSection":["Allgemein"],"inLanguage":"en-US"},{"@type":"WebPage","@id":"https:\/\/www.mlc-munich.de\/web\/wiesn-gaysunday-2023\/","url":"https:\/\/www.mlc-munich.de\/web\/wiesn-gaysunday-2023\/","name":"Wiesn GaySunday 2023 - M\u00fcnchner L\u00f6wen Club e.V.","isPartOf":{"@id":"https:\/\/www.mlc-munich.de\/web\/#website"},"primaryImageOfPage":{"@id":"https:\/\/www.mlc-munich.de\/web\/wiesn-gaysunday-2023\/#primaryimage"},"image":{"@id":"https:\/\/www.mlc-munich.de\/web\/wiesn-gaysunday-2023\/#primaryimage"},"thumbnailUrl":"https:\/\/www.mlc-munich.de\/web\/wp-content\/uploads\/2023\/09\/39CC293C-D504-45CC-B171-054A28213B47.png","datePublished":"2023-09-25T11:03:03+00:00","dateModified":"2023-09-25T11:03:30+00:00","breadcrumb":{"@id":"https:\/\/www.mlc-munich.de\/web\/wiesn-gaysunday-2023\/#breadcrumb"},"inLanguage":"en-US","potentialAction":[{"@type":"ReadAction","target":["https:\/\/www.mlc-munich.de\/web\/wiesn-gaysunday-2023\/"]}]},{"@type":"ImageObject","inLanguage":"en-US","@id":"https:\/\/www.mlc-munich.de\/web\/wiesn-gaysunday-2023\/#primaryimage","url":"https:\/\/www.mlc-munich.de\/web\/wp-content\/uploads\/2023\/09\/39CC293C-D504-45CC-B171-054A28213B47.png","contentUrl":"https:\/\/www.mlc-munich.de\/web\/wp-content\/uploads\/2023\/09\/39CC293C-D504-45CC-B171-054A28213B47.png","width":800,"height":800},{"@type":"BreadcrumbList","@id":"https:\/\/www.mlc-munich.de\/web\/wiesn-gaysunday-2023\/#breadcrumb","itemListElement":[{"@type":"ListItem","position":1,"name":"Startseite","item":"https:\/\/www.mlc-munich.de\/web\/"},{"@type":"ListItem","position":2,"name":"Wiesn GaySunday 2023"}]},{"@type":"WebSite","@id":"https:\/\/www.mlc-munich.de\/web\/#website","url":"https:\/\/www.mlc-munich.de\/web\/","name":"M\u00fcnchner L\u00f6wen Club e.V.","description":"M\u00fcnchner L\u00f6wen Club e.V.","publisher":{"@id":"https:\/\/www.mlc-munich.de\/web\/#organization"},"potentialAction":[{"@type":"SearchAction","target":{"@type":"EntryPoint","urlTemplate":"https:\/\/www.mlc-munich.de\/web\/?s={search_term_string}"},"query-input":{"@type":"PropertyValueSpecification","valueRequired":true,"valueName":"search_term_string"}}],"inLanguage":"en-US"},{"@type":"Organization","@id":"https:\/\/www.mlc-munich.de\/web\/#organization","name":"M\u00fcnchner L\u00f6wen Club e.V.","url":"https:\/\/www.mlc-munich.de\/web\/","logo":{"@type":"ImageObject","inLanguage":"en-US","@id":"https:\/\/www.mlc-munich.de\/web\/#\/schema\/logo\/image\/","url":"https:\/\/www.mlc-munich.de\/web\/wp-content\/uploads\/2018\/05\/logo_250x95px-Kopie.png","contentUrl":"https:\/\/www.mlc-munich.de\/web\/wp-content\/uploads\/2018\/05\/logo_250x95px-Kopie.png","width":250,"height":95,"caption":"M\u00fcnchner L\u00f6wen Club e.V."},"image":{"@id":"https:\/\/www.mlc-munich.de\/web\/#\/schema\/logo\/image\/"}},{"@type":"Person","@id":"https:\/\/www.mlc-munich.de\/web\/#\/schema\/person\/8ab46efdd6adab85dc79e46ba23bf666","name":"Andreas Bl\u00fcm","image":{"@type":"ImageObject","inLanguage":"en-US","@id":"https:\/\/secure.gravatar.com\/avatar\/4911c491b7f433eacb8c9d4ed7cdc1b43c9980887f0b50534ea89397966226ee?s=96&d=mm&r=r","url":"https:\/\/secure.gravatar.com\/avatar\/4911c491b7f433eacb8c9d4ed7cdc1b43c9980887f0b50534ea89397966226ee?s=96&d=mm&r=r","contentUrl":"https:\/\/secure.gravatar.com\/avatar\/4911c491b7f433eacb8c9d4ed7cdc1b43c9980887f0b50534ea89397966226ee?s=96&d=mm&r=r","caption":"Andreas Bl\u00fcm"},"url":"https:\/\/www.mlc-munich.de\/web\/en\/author\/andy\/"}]}},"_links":{"self":[{"href":"https:\/\/www.mlc-munich.de\/web\/en\/wp-json\/wp\/v2\/posts\/7312","targetHints":{"allow":["GET"]}}],"collection":[{"href":"https:\/\/www.mlc-munich.de\/web\/en\/wp-json\/wp\/v2\/posts"}],"about":[{"href":"https:\/\/www.mlc-munich.de\/web\/en\/wp-json\/wp\/v2\/types\/post"}],"author":[{"embeddable":true,"href":"https:\/\/www.mlc-munich.de\/web\/en\/wp-json\/wp\/v2\/users\/2"}],"replies":[{"embeddable":true,"href":"https:\/\/www.mlc-munich.de\/web\/en\/wp-json\/wp\/v2\/comments?post=7312"}],"version-history":[{"count":1,"href":"https:\/\/www.mlc-munich.de\/web\/en\/wp-json\/wp\/v2\/posts\/7312\/revisions"}],"predecessor-version":[{"id":7327,"href":"https:\/\/www.mlc-munich.de\/web\/en\/wp-json\/wp\/v2\/posts\/7312\/revisions\/7327"}],"wp:featuredmedia":[{"embeddable":true,"href":"https:\/\/www.mlc-munich.de\/web\/en\/wp-json\/wp\/v2\/media\/7315"}],"wp:attachment":[{"href":"https:\/\/www.mlc-munich.de\/web\/en\/wp-json\/wp\/v2\/media?parent=7312"}],"wp:term":[{"taxonomy":"category","embeddable":true,"href":"https:\/\/www.mlc-munich.de\/web\/en\/wp-json\/wp\/v2\/categories?post=7312"},{"taxonomy":"post_tag","embeddable":true,"href":"https:\/\/www.mlc-munich.de\/web\/en\/wp-json\/wp\/v2\/tags?post=7312"}],"curies":[{"name":"wp","href":"https:\/\/api.w.org\/{rel}","templated":true}]}}