{"id":18744,"date":"2024-10-04T09:58:52","date_gmt":"2024-10-04T07:58:52","guid":{"rendered":"https:\/\/www.mlc-munich.de\/web\/?p=18744"},"modified":"2024-10-04T09:58:52","modified_gmt":"2024-10-04T07:58:52","slug":"eindruecken-vom-45-mlc-oktoberfesttreffen","status":"publish","type":"post","link":"https:\/\/www.mlc-munich.de\/web\/eindruecken-vom-45-mlc-oktoberfesttreffen\/","title":{"rendered":"Eindr\u00fccken vom 45. MLC-Oktoberfesttreffen"},"content":{"rendered":"<p>Franziska und Peter von der Br\u00e4urosl haben uns mit einer leckeren \u00dcberraschung erfreut und: dieses Jahr durfte Lohengrin beim GaySunday<sup>\u00ae<\/sup> mit \u201eBerliner Luft\u201c die Kapelle dirigieren.<\/p>\n\n\t\t<style type=\"text\/css\">\n\t\t\t#gallery-1 {\n\t\t\t\tmargin: auto;\n\t\t\t}\n\t\t\t#gallery-1 .gallery-item {\n\t\t\t\tfloat: left;\n\t\t\t\tmargin-top: 10px;\n\t\t\t\ttext-align: center;\n\t\t\t\twidth: 50%;\n\t\t\t}\n\t\t\t#gallery-1 img {\n\t\t\t\tborder: 2px solid #cfcfcf;\n\t\t\t}\n\t\t\t#gallery-1 .gallery-caption {\n\t\t\t\tmargin-left: 0;\n\t\t\t}\n\t\t\t\/* see gallery_shortcode() in wp-includes\/media.php *\/\n\t\t<\/style>\n\t\t<div id='gallery-1' class='gallery galleryid-18744 gallery-columns-2 gallery-size-large'><dl class='gallery-item'>\n\t\t\t<dt class='gallery-icon landscape'>\n\t\t\t\t<a href='https:\/\/www.mlc-munich.de\/web\/wp-content\/uploads\/2024\/10\/R5C_0148.jpeg'><img loading=\"lazy\" decoding=\"async\" width=\"720\" height=\"480\" src=\"https:\/\/www.mlc-munich.de\/web\/wp-content\/uploads\/2024\/10\/R5C_0148.jpeg\" class=\"attachment-large size-large\" alt=\"\" srcset=\"https:\/\/www.mlc-munich.de\/web\/wp-content\/uploads\/2024\/10\/R5C_0148.jpeg 1772w, https:\/\/www.mlc-munich.de\/web\/wp-content\/uploads\/2024\/10\/R5C_0148-600x400.jpeg 600w, https:\/\/www.mlc-munich.de\/web\/wp-content\/uploads\/2024\/10\/R5C_0148-768x512.jpeg 768w, https:\/\/www.mlc-munich.de\/web\/wp-content\/uploads\/2024\/10\/R5C_0148-1536x1025.jpeg 1536w, https:\/\/www.mlc-munich.de\/web\/wp-content\/uploads\/2024\/10\/R5C_0148-272x182.jpeg 272w\" sizes=\"auto, (max-width: 720px) 100vw, 720px\" \/><\/a>\n\t\t\t<\/dt><\/dl><dl class='gallery-item'>\n\t\t\t<dt class='gallery-icon landscape'>\n\t\t\t\t<a href='https:\/\/www.mlc-munich.de\/web\/wp-content\/uploads\/2024\/10\/R5C_0347.jpeg'><img loading=\"lazy\" decoding=\"async\" width=\"720\" height=\"480\" src=\"https:\/\/www.mlc-munich.de\/web\/wp-content\/uploads\/2024\/10\/R5C_0347.jpeg\" class=\"attachment-large size-large\" alt=\"\" srcset=\"https:\/\/www.mlc-munich.de\/web\/wp-content\/uploads\/2024\/10\/R5C_0347.jpeg 1772w, https:\/\/www.mlc-munich.de\/web\/wp-content\/uploads\/2024\/10\/R5C_0347-600x400.jpeg 600w, https:\/\/www.mlc-munich.de\/web\/wp-content\/uploads\/2024\/10\/R5C_0347-768x512.jpeg 768w, https:\/\/www.mlc-munich.de\/web\/wp-content\/uploads\/2024\/10\/R5C_0347-1536x1025.jpeg 1536w, https:\/\/www.mlc-munich.de\/web\/wp-content\/uploads\/2024\/10\/R5C_0347-272x182.jpeg 272w\" sizes=\"auto, (max-width: 720px) 100vw, 720px\" \/><\/a>\n\t\t\t<\/dt><\/dl><br style=\"clear: both\" \/><dl class='gallery-item'>\n\t\t\t<dt class='gallery-icon landscape'>\n\t\t\t\t<a href='https:\/\/www.mlc-munich.de\/web\/wp-content\/uploads\/2024\/10\/R5C_9132.jpeg'><img loading=\"lazy\" decoding=\"async\" width=\"720\" height=\"480\" src=\"https:\/\/www.mlc-munich.de\/web\/wp-content\/uploads\/2024\/10\/R5C_9132.jpeg\" class=\"attachment-large size-large\" alt=\"\" srcset=\"https:\/\/www.mlc-munich.de\/web\/wp-content\/uploads\/2024\/10\/R5C_9132.jpeg 1772w, https:\/\/www.mlc-munich.de\/web\/wp-content\/uploads\/2024\/10\/R5C_9132-600x400.jpeg 600w, https:\/\/www.mlc-munich.de\/web\/wp-content\/uploads\/2024\/10\/R5C_9132-768x512.jpeg 768w, https:\/\/www.mlc-munich.de\/web\/wp-content\/uploads\/2024\/10\/R5C_9132-1536x1025.jpeg 1536w, https:\/\/www.mlc-munich.de\/web\/wp-content\/uploads\/2024\/10\/R5C_9132-272x182.jpeg 272w\" sizes=\"auto, (max-width: 720px) 100vw, 720px\" \/><\/a>\n\t\t\t<\/dt><\/dl><dl class='gallery-item'>\n\t\t\t<dt class='gallery-icon landscape'>\n\t\t\t\t<a href='https:\/\/www.mlc-munich.de\/web\/wp-content\/uploads\/2024\/10\/R5C_9408.jpeg'><img loading=\"lazy\" decoding=\"async\" width=\"720\" height=\"480\" src=\"https:\/\/www.mlc-munich.de\/web\/wp-content\/uploads\/2024\/10\/R5C_9408.jpeg\" class=\"attachment-large size-large\" alt=\"\" srcset=\"https:\/\/www.mlc-munich.de\/web\/wp-content\/uploads\/2024\/10\/R5C_9408.jpeg 1772w, https:\/\/www.mlc-munich.de\/web\/wp-content\/uploads\/2024\/10\/R5C_9408-600x400.jpeg 600w, https:\/\/www.mlc-munich.de\/web\/wp-content\/uploads\/2024\/10\/R5C_9408-768x512.jpeg 768w, https:\/\/www.mlc-munich.de\/web\/wp-content\/uploads\/2024\/10\/R5C_9408-1536x1025.jpeg 1536w, https:\/\/www.mlc-munich.de\/web\/wp-content\/uploads\/2024\/10\/R5C_9408-272x182.jpeg 272w\" sizes=\"auto, (max-width: 720px) 100vw, 720px\" \/><\/a>\n\t\t\t<\/dt><\/dl><br style=\"clear: both\" \/><dl class='gallery-item'>\n\t\t\t<dt class='gallery-icon landscape'>\n\t\t\t\t<a href='https:\/\/www.mlc-munich.de\/web\/wp-content\/uploads\/2024\/10\/R5C_9541.jpeg'><img loading=\"lazy\" decoding=\"async\" width=\"720\" height=\"480\" src=\"https:\/\/www.mlc-munich.de\/web\/wp-content\/uploads\/2024\/10\/R5C_9541.jpeg\" class=\"attachment-large size-large\" alt=\"\" srcset=\"https:\/\/www.mlc-munich.de\/web\/wp-content\/uploads\/2024\/10\/R5C_9541.jpeg 1772w, https:\/\/www.mlc-munich.de\/web\/wp-content\/uploads\/2024\/10\/R5C_9541-600x400.jpeg 600w, https:\/\/www.mlc-munich.de\/web\/wp-content\/uploads\/2024\/10\/R5C_9541-768x512.jpeg 768w, https:\/\/www.mlc-munich.de\/web\/wp-content\/uploads\/2024\/10\/R5C_9541-1536x1025.jpeg 1536w, https:\/\/www.mlc-munich.de\/web\/wp-content\/uploads\/2024\/10\/R5C_9541-272x182.jpeg 272w\" sizes=\"auto, (max-width: 720px) 100vw, 720px\" \/><\/a>\n\t\t\t<\/dt><\/dl><dl class='gallery-item'>\n\t\t\t<dt class='gallery-icon landscape'>\n\t\t\t\t<a href='https:\/\/www.mlc-munich.de\/web\/wp-content\/uploads\/2024\/10\/R5C_9820.jpeg'><img loading=\"lazy\" decoding=\"async\" width=\"720\" height=\"480\" src=\"https:\/\/www.mlc-munich.de\/web\/wp-content\/uploads\/2024\/10\/R5C_9820.jpeg\" class=\"attachment-large size-large\" alt=\"\" srcset=\"https:\/\/www.mlc-munich.de\/web\/wp-content\/uploads\/2024\/10\/R5C_9820.jpeg 1772w, https:\/\/www.mlc-munich.de\/web\/wp-content\/uploads\/2024\/10\/R5C_9820-600x400.jpeg 600w, https:\/\/www.mlc-munich.de\/web\/wp-content\/uploads\/2024\/10\/R5C_9820-768x512.jpeg 768w, https:\/\/www.mlc-munich.de\/web\/wp-content\/uploads\/2024\/10\/R5C_9820-1536x1025.jpeg 1536w, https:\/\/www.mlc-munich.de\/web\/wp-content\/uploads\/2024\/10\/R5C_9820-272x182.jpeg 272w\" sizes=\"auto, (max-width: 720px) 100vw, 720px\" \/><\/a>\n\t\t\t<\/dt><\/dl><br style=\"clear: both\" \/><dl class='gallery-item'>\n\t\t\t<dt class='gallery-icon landscape'>\n\t\t\t\t<a href='https:\/\/www.mlc-munich.de\/web\/wp-content\/uploads\/2024\/10\/R5C_9880.jpeg'><img loading=\"lazy\" decoding=\"async\" width=\"720\" height=\"480\" src=\"https:\/\/www.mlc-munich.de\/web\/wp-content\/uploads\/2024\/10\/R5C_9880.jpeg\" class=\"attachment-large size-large\" alt=\"\" srcset=\"https:\/\/www.mlc-munich.de\/web\/wp-content\/uploads\/2024\/10\/R5C_9880.jpeg 1772w, https:\/\/www.mlc-munich.de\/web\/wp-content\/uploads\/2024\/10\/R5C_9880-600x400.jpeg 600w, https:\/\/www.mlc-munich.de\/web\/wp-content\/uploads\/2024\/10\/R5C_9880-768x512.jpeg 768w, https:\/\/www.mlc-munich.de\/web\/wp-content\/uploads\/2024\/10\/R5C_9880-1536x1025.jpeg 1536w, https:\/\/www.mlc-munich.de\/web\/wp-content\/uploads\/2024\/10\/R5C_9880-272x182.jpeg 272w\" sizes=\"auto, (max-width: 720px) 100vw, 720px\" \/><\/a>\n\t\t\t<\/dt><\/dl>\n\t\t\t<br style='clear: both' \/>\n\t\t<\/div>\n\n","protected":false},"excerpt":{"rendered":"<p>Franziska und Peter von der Br\u00e4urosl haben uns mit einer leckeren \u00dcberraschung erfreut und: dieses Jahr durfte Lohengrin beim GaySunday\u00ae mit \u201eBerliner Luft\u201c die Kapelle dirigieren.<\/p>\n","protected":false},"author":2,"featured_media":18749,"comment_status":"closed","ping_status":"closed","sticky":false,"template":"","format":"standard","meta":{"footnotes":""},"categories":[1],"tags":[],"class_list":["post-18744","post","type-post","status-publish","format-standard","has-post-thumbnail","hentry","category-allgemein","post-with-thumbnail","post-with-thumbnail-icon"],"translation":{"provider":"WPGlobus","version":"3.0.2","language":"de","enabled_languages":["de","en"],"languages":{"de":{"title":true,"content":true,"excerpt":false},"en":{"title":false,"content":false,"excerpt":false}}},"yoast_head":"<!-- This site is optimized with the Yoast SEO plugin v27.5 - https:\/\/yoast.com\/product\/yoast-seo-wordpress\/ -->\n<title>Eindr\u00fccken vom 45. MLC-Oktoberfesttreffen - MLC M\u00fcnchner L\u00f6wen Club e.V.<\/title>\n<meta name=\"robots\" content=\"index, follow, max-snippet:-1, max-image-preview:large, max-video-preview:-1\" \/>\n<link rel=\"canonical\" href=\"https:\/\/www.mlc-munich.de\/web\/eindruecken-vom-45-mlc-oktoberfesttreffen\/\" \/>\n<meta property=\"og:locale\" content=\"de_DE\" \/>\n<meta property=\"og:type\" content=\"article\" \/>\n<meta property=\"og:title\" content=\"Eindr\u00fccken vom 45. MLC-Oktoberfesttreffen - MLC M\u00fcnchner L\u00f6wen Club e.V.\" \/>\n<meta property=\"og:url\" content=\"https:\/\/www.mlc-munich.de\/web\/eindruecken-vom-45-mlc-oktoberfesttreffen\/\" \/>\n<meta property=\"og:site_name\" content=\"MLC M\u00fcnchner L\u00f6wen Club e.V.\" \/>\n<meta property=\"article:published_time\" content=\"2024-10-04T07:58:52+00:00\" \/>\n<meta property=\"og:image\" content=\"https:\/\/www.mlc-munich.de\/web\/wp-content\/uploads\/2024\/10\/R5C_9541.jpeg\" \/>\n\t<meta property=\"og:image:width\" content=\"1772\" \/>\n\t<meta property=\"og:image:height\" content=\"1182\" \/>\n\t<meta property=\"og:image:type\" content=\"image\/jpeg\" \/>\n<meta name=\"author\" content=\"Andreas Bl\u00fcm\" \/>\n<meta name=\"twitter:card\" content=\"summary_large_image\" \/>\n<meta name=\"twitter:label1\" content=\"Verfasst von\" \/>\n\t<meta name=\"twitter:data1\" content=\"Andreas Bl\u00fcm\" \/>\n\t<meta name=\"twitter:label2\" content=\"Gesch\u00e4tzte Lesezeit\" \/>\n\t<meta name=\"twitter:data2\" content=\"1\u00a0Minute\" \/>\n<script type=\"application\/ld+json\" class=\"yoast-schema-graph\">{\"@context\":\"https:\\\/\\\/schema.org\",\"@graph\":[{\"@type\":\"Article\",\"@id\":\"https:\\\/\\\/www.mlc-munich.de\\\/web\\\/eindruecken-vom-45-mlc-oktoberfesttreffen\\\/#article\",\"isPartOf\":{\"@id\":\"https:\\\/\\\/www.mlc-munich.de\\\/web\\\/eindruecken-vom-45-mlc-oktoberfesttreffen\\\/\"},\"author\":{\"name\":\"Andreas Bl\u00fcm\",\"@id\":\"https:\\\/\\\/www.mlc-munich.de\\\/web\\\/#\\\/schema\\\/person\\\/8ab46efdd6adab85dc79e46ba23bf666\"},\"headline\":\"Eindr\u00fccken vom 45. MLC-Oktoberfesttreffen\",\"datePublished\":\"2024-10-04T07:58:52+00:00\",\"mainEntityOfPage\":{\"@id\":\"https:\\\/\\\/www.mlc-munich.de\\\/web\\\/eindruecken-vom-45-mlc-oktoberfesttreffen\\\/\"},\"wordCount\":38,\"publisher\":{\"@id\":\"https:\\\/\\\/www.mlc-munich.de\\\/web\\\/#organization\"},\"image\":{\"@id\":\"https:\\\/\\\/www.mlc-munich.de\\\/web\\\/eindruecken-vom-45-mlc-oktoberfesttreffen\\\/#primaryimage\"},\"thumbnailUrl\":\"https:\\\/\\\/www.mlc-munich.de\\\/web\\\/wp-content\\\/uploads\\\/2024\\\/10\\\/R5C_9541.jpeg\",\"inLanguage\":\"de\"},{\"@type\":\"WebPage\",\"@id\":\"https:\\\/\\\/www.mlc-munich.de\\\/web\\\/eindruecken-vom-45-mlc-oktoberfesttreffen\\\/\",\"url\":\"https:\\\/\\\/www.mlc-munich.de\\\/web\\\/eindruecken-vom-45-mlc-oktoberfesttreffen\\\/\",\"name\":\"Eindr\u00fccken vom 45. MLC-Oktoberfesttreffen - MLC M\u00fcnchner L\u00f6wen Club e.V.\",\"isPartOf\":{\"@id\":\"https:\\\/\\\/www.mlc-munich.de\\\/web\\\/#website\"},\"primaryImageOfPage\":{\"@id\":\"https:\\\/\\\/www.mlc-munich.de\\\/web\\\/eindruecken-vom-45-mlc-oktoberfesttreffen\\\/#primaryimage\"},\"image\":{\"@id\":\"https:\\\/\\\/www.mlc-munich.de\\\/web\\\/eindruecken-vom-45-mlc-oktoberfesttreffen\\\/#primaryimage\"},\"thumbnailUrl\":\"https:\\\/\\\/www.mlc-munich.de\\\/web\\\/wp-content\\\/uploads\\\/2024\\\/10\\\/R5C_9541.jpeg\",\"datePublished\":\"2024-10-04T07:58:52+00:00\",\"breadcrumb\":{\"@id\":\"https:\\\/\\\/www.mlc-munich.de\\\/web\\\/eindruecken-vom-45-mlc-oktoberfesttreffen\\\/#breadcrumb\"},\"inLanguage\":\"de\",\"potentialAction\":[{\"@type\":\"ReadAction\",\"target\":[\"https:\\\/\\\/www.mlc-munich.de\\\/web\\\/eindruecken-vom-45-mlc-oktoberfesttreffen\\\/\"]}]},{\"@type\":\"ImageObject\",\"inLanguage\":\"de\",\"@id\":\"https:\\\/\\\/www.mlc-munich.de\\\/web\\\/eindruecken-vom-45-mlc-oktoberfesttreffen\\\/#primaryimage\",\"url\":\"https:\\\/\\\/www.mlc-munich.de\\\/web\\\/wp-content\\\/uploads\\\/2024\\\/10\\\/R5C_9541.jpeg\",\"contentUrl\":\"https:\\\/\\\/www.mlc-munich.de\\\/web\\\/wp-content\\\/uploads\\\/2024\\\/10\\\/R5C_9541.jpeg\",\"width\":1772,\"height\":1182},{\"@type\":\"BreadcrumbList\",\"@id\":\"https:\\\/\\\/www.mlc-munich.de\\\/web\\\/eindruecken-vom-45-mlc-oktoberfesttreffen\\\/#breadcrumb\",\"itemListElement\":[{\"@type\":\"ListItem\",\"position\":1,\"name\":\"Startseite\",\"item\":\"https:\\\/\\\/www.mlc-munich.de\\\/web\\\/\"},{\"@type\":\"ListItem\",\"position\":2,\"name\":\"Eindr\u00fccken vom 45. MLC-Oktoberfesttreffen\"}]},{\"@type\":\"WebSite\",\"@id\":\"https:\\\/\\\/www.mlc-munich.de\\\/web\\\/#website\",\"url\":\"https:\\\/\\\/www.mlc-munich.de\\\/web\\\/\",\"name\":\"MLC M\u00fcnchner L\u00f6wen Club e.V.\",\"description\":\"MLC M\u00fcnchner L\u00f6wen Club e.V.\",\"publisher\":{\"@id\":\"https:\\\/\\\/www.mlc-munich.de\\\/web\\\/#organization\"},\"potentialAction\":[{\"@type\":\"SearchAction\",\"target\":{\"@type\":\"EntryPoint\",\"urlTemplate\":\"https:\\\/\\\/www.mlc-munich.de\\\/web\\\/?s={search_term_string}\"},\"query-input\":{\"@type\":\"PropertyValueSpecification\",\"valueRequired\":true,\"valueName\":\"search_term_string\"}}],\"inLanguage\":\"de\"},{\"@type\":\"Organization\",\"@id\":\"https:\\\/\\\/www.mlc-munich.de\\\/web\\\/#organization\",\"name\":\"MLC M\u00fcnchner L\u00f6wen Club e.V.\",\"url\":\"https:\\\/\\\/www.mlc-munich.de\\\/web\\\/\",\"logo\":{\"@type\":\"ImageObject\",\"inLanguage\":\"de\",\"@id\":\"https:\\\/\\\/www.mlc-munich.de\\\/web\\\/#\\\/schema\\\/logo\\\/image\\\/\",\"url\":\"https:\\\/\\\/www.mlc-munich.de\\\/web\\\/wp-content\\\/uploads\\\/2018\\\/05\\\/logo_250x95px-Kopie.png\",\"contentUrl\":\"https:\\\/\\\/www.mlc-munich.de\\\/web\\\/wp-content\\\/uploads\\\/2018\\\/05\\\/logo_250x95px-Kopie.png\",\"width\":250,\"height\":95,\"caption\":\"MLC M\u00fcnchner L\u00f6wen Club e.V.\"},\"image\":{\"@id\":\"https:\\\/\\\/www.mlc-munich.de\\\/web\\\/#\\\/schema\\\/logo\\\/image\\\/\"}},{\"@type\":\"Person\",\"@id\":\"https:\\\/\\\/www.mlc-munich.de\\\/web\\\/#\\\/schema\\\/person\\\/8ab46efdd6adab85dc79e46ba23bf666\",\"name\":\"Andreas Bl\u00fcm\",\"image\":{\"@type\":\"ImageObject\",\"inLanguage\":\"de\",\"@id\":\"https:\\\/\\\/secure.gravatar.com\\\/avatar\\\/4911c491b7f433eacb8c9d4ed7cdc1b43c9980887f0b50534ea89397966226ee?s=96&d=mm&r=r\",\"url\":\"https:\\\/\\\/secure.gravatar.com\\\/avatar\\\/4911c491b7f433eacb8c9d4ed7cdc1b43c9980887f0b50534ea89397966226ee?s=96&d=mm&r=r\",\"contentUrl\":\"https:\\\/\\\/secure.gravatar.com\\\/avatar\\\/4911c491b7f433eacb8c9d4ed7cdc1b43c9980887f0b50534ea89397966226ee?s=96&d=mm&r=r\",\"caption\":\"Andreas Bl\u00fcm\"},\"url\":\"https:\\\/\\\/www.mlc-munich.de\\\/web\\\/author\\\/andy\\\/\"}]}<\/script>\n<!-- \/ Yoast SEO plugin. -->","yoast_head_json":{"title":"Eindr\u00fccken vom 45. MLC-Oktoberfesttreffen - MLC M\u00fcnchner L\u00f6wen Club e.V.","robots":{"index":"index","follow":"follow","max-snippet":"max-snippet:-1","max-image-preview":"max-image-preview:large","max-video-preview":"max-video-preview:-1"},"canonical":"https:\/\/www.mlc-munich.de\/web\/eindruecken-vom-45-mlc-oktoberfesttreffen\/","og_locale":"de_DE","og_type":"article","og_title":"Eindr\u00fccken vom 45. MLC-Oktoberfesttreffen - MLC M\u00fcnchner L\u00f6wen Club e.V.","og_url":"https:\/\/www.mlc-munich.de\/web\/eindruecken-vom-45-mlc-oktoberfesttreffen\/","og_site_name":"MLC M\u00fcnchner L\u00f6wen Club e.V.","article_published_time":"2024-10-04T07:58:52+00:00","og_image":[{"width":1772,"height":1182,"url":"https:\/\/www.mlc-munich.de\/web\/wp-content\/uploads\/2024\/10\/R5C_9541.jpeg","type":"image\/jpeg"}],"author":"Andreas Bl\u00fcm","twitter_card":"summary_large_image","twitter_misc":{"Verfasst von":"Andreas Bl\u00fcm","Gesch\u00e4tzte Lesezeit":"1\u00a0Minute"},"schema":{"@context":"https:\/\/schema.org","@graph":[{"@type":"Article","@id":"https:\/\/www.mlc-munich.de\/web\/eindruecken-vom-45-mlc-oktoberfesttreffen\/#article","isPartOf":{"@id":"https:\/\/www.mlc-munich.de\/web\/eindruecken-vom-45-mlc-oktoberfesttreffen\/"},"author":{"name":"Andreas Bl\u00fcm","@id":"https:\/\/www.mlc-munich.de\/web\/#\/schema\/person\/8ab46efdd6adab85dc79e46ba23bf666"},"headline":"Eindr\u00fccken vom 45. MLC-Oktoberfesttreffen","datePublished":"2024-10-04T07:58:52+00:00","mainEntityOfPage":{"@id":"https:\/\/www.mlc-munich.de\/web\/eindruecken-vom-45-mlc-oktoberfesttreffen\/"},"wordCount":38,"publisher":{"@id":"https:\/\/www.mlc-munich.de\/web\/#organization"},"image":{"@id":"https:\/\/www.mlc-munich.de\/web\/eindruecken-vom-45-mlc-oktoberfesttreffen\/#primaryimage"},"thumbnailUrl":"https:\/\/www.mlc-munich.de\/web\/wp-content\/uploads\/2024\/10\/R5C_9541.jpeg","inLanguage":"de"},{"@type":"WebPage","@id":"https:\/\/www.mlc-munich.de\/web\/eindruecken-vom-45-mlc-oktoberfesttreffen\/","url":"https:\/\/www.mlc-munich.de\/web\/eindruecken-vom-45-mlc-oktoberfesttreffen\/","name":"Eindr\u00fccken vom 45. MLC-Oktoberfesttreffen - MLC M\u00fcnchner L\u00f6wen Club e.V.","isPartOf":{"@id":"https:\/\/www.mlc-munich.de\/web\/#website"},"primaryImageOfPage":{"@id":"https:\/\/www.mlc-munich.de\/web\/eindruecken-vom-45-mlc-oktoberfesttreffen\/#primaryimage"},"image":{"@id":"https:\/\/www.mlc-munich.de\/web\/eindruecken-vom-45-mlc-oktoberfesttreffen\/#primaryimage"},"thumbnailUrl":"https:\/\/www.mlc-munich.de\/web\/wp-content\/uploads\/2024\/10\/R5C_9541.jpeg","datePublished":"2024-10-04T07:58:52+00:00","breadcrumb":{"@id":"https:\/\/www.mlc-munich.de\/web\/eindruecken-vom-45-mlc-oktoberfesttreffen\/#breadcrumb"},"inLanguage":"de","potentialAction":[{"@type":"ReadAction","target":["https:\/\/www.mlc-munich.de\/web\/eindruecken-vom-45-mlc-oktoberfesttreffen\/"]}]},{"@type":"ImageObject","inLanguage":"de","@id":"https:\/\/www.mlc-munich.de\/web\/eindruecken-vom-45-mlc-oktoberfesttreffen\/#primaryimage","url":"https:\/\/www.mlc-munich.de\/web\/wp-content\/uploads\/2024\/10\/R5C_9541.jpeg","contentUrl":"https:\/\/www.mlc-munich.de\/web\/wp-content\/uploads\/2024\/10\/R5C_9541.jpeg","width":1772,"height":1182},{"@type":"BreadcrumbList","@id":"https:\/\/www.mlc-munich.de\/web\/eindruecken-vom-45-mlc-oktoberfesttreffen\/#breadcrumb","itemListElement":[{"@type":"ListItem","position":1,"name":"Startseite","item":"https:\/\/www.mlc-munich.de\/web\/"},{"@type":"ListItem","position":2,"name":"Eindr\u00fccken vom 45. MLC-Oktoberfesttreffen"}]},{"@type":"WebSite","@id":"https:\/\/www.mlc-munich.de\/web\/#website","url":"https:\/\/www.mlc-munich.de\/web\/","name":"MLC M\u00fcnchner L\u00f6wen Club e.V.","description":"MLC M\u00fcnchner L\u00f6wen Club e.V.","publisher":{"@id":"https:\/\/www.mlc-munich.de\/web\/#organization"},"potentialAction":[{"@type":"SearchAction","target":{"@type":"EntryPoint","urlTemplate":"https:\/\/www.mlc-munich.de\/web\/?s={search_term_string}"},"query-input":{"@type":"PropertyValueSpecification","valueRequired":true,"valueName":"search_term_string"}}],"inLanguage":"de"},{"@type":"Organization","@id":"https:\/\/www.mlc-munich.de\/web\/#organization","name":"MLC M\u00fcnchner L\u00f6wen Club e.V.","url":"https:\/\/www.mlc-munich.de\/web\/","logo":{"@type":"ImageObject","inLanguage":"de","@id":"https:\/\/www.mlc-munich.de\/web\/#\/schema\/logo\/image\/","url":"https:\/\/www.mlc-munich.de\/web\/wp-content\/uploads\/2018\/05\/logo_250x95px-Kopie.png","contentUrl":"https:\/\/www.mlc-munich.de\/web\/wp-content\/uploads\/2018\/05\/logo_250x95px-Kopie.png","width":250,"height":95,"caption":"MLC M\u00fcnchner L\u00f6wen Club e.V."},"image":{"@id":"https:\/\/www.mlc-munich.de\/web\/#\/schema\/logo\/image\/"}},{"@type":"Person","@id":"https:\/\/www.mlc-munich.de\/web\/#\/schema\/person\/8ab46efdd6adab85dc79e46ba23bf666","name":"Andreas Bl\u00fcm","image":{"@type":"ImageObject","inLanguage":"de","@id":"https:\/\/secure.gravatar.com\/avatar\/4911c491b7f433eacb8c9d4ed7cdc1b43c9980887f0b50534ea89397966226ee?s=96&d=mm&r=r","url":"https:\/\/secure.gravatar.com\/avatar\/4911c491b7f433eacb8c9d4ed7cdc1b43c9980887f0b50534ea89397966226ee?s=96&d=mm&r=r","contentUrl":"https:\/\/secure.gravatar.com\/avatar\/4911c491b7f433eacb8c9d4ed7cdc1b43c9980887f0b50534ea89397966226ee?s=96&d=mm&r=r","caption":"Andreas Bl\u00fcm"},"url":"https:\/\/www.mlc-munich.de\/web\/author\/andy\/"}]}},"_links":{"self":[{"href":"https:\/\/www.mlc-munich.de\/web\/wp-json\/wp\/v2\/posts\/18744","targetHints":{"allow":["GET"]}}],"collection":[{"href":"https:\/\/www.mlc-munich.de\/web\/wp-json\/wp\/v2\/posts"}],"about":[{"href":"https:\/\/www.mlc-munich.de\/web\/wp-json\/wp\/v2\/types\/post"}],"author":[{"embeddable":true,"href":"https:\/\/www.mlc-munich.de\/web\/wp-json\/wp\/v2\/users\/2"}],"replies":[{"embeddable":true,"href":"https:\/\/www.mlc-munich.de\/web\/wp-json\/wp\/v2\/comments?post=18744"}],"version-history":[{"count":1,"href":"https:\/\/www.mlc-munich.de\/web\/wp-json\/wp\/v2\/posts\/18744\/revisions"}],"predecessor-version":[{"id":18752,"href":"https:\/\/www.mlc-munich.de\/web\/wp-json\/wp\/v2\/posts\/18744\/revisions\/18752"}],"wp:featuredmedia":[{"embeddable":true,"href":"https:\/\/www.mlc-munich.de\/web\/wp-json\/wp\/v2\/media\/18749"}],"wp:attachment":[{"href":"https:\/\/www.mlc-munich.de\/web\/wp-json\/wp\/v2\/media?parent=18744"}],"wp:term":[{"taxonomy":"category","embeddable":true,"href":"https:\/\/www.mlc-munich.de\/web\/wp-json\/wp\/v2\/categories?post=18744"},{"taxonomy":"post_tag","embeddable":true,"href":"https:\/\/www.mlc-munich.de\/web\/wp-json\/wp\/v2\/tags?post=18744"}],"curies":[{"name":"wp","href":"https:\/\/api.w.org\/{rel}","templated":true}]}}