{"id":3256,"date":"2021-09-17T14:55:05","date_gmt":"2021-09-17T12:55:05","guid":{"rendered":"https:\/\/www.mlc-munich.de\/web\/?p=3256"},"modified":"2021-09-17T14:55:26","modified_gmt":"2021-09-17T12:55:26","slug":"lfc-award-fuer-vielfalt-und-respekt","status":"publish","type":"post","link":"https:\/\/www.mlc-munich.de\/web\/lfc-award-fuer-vielfalt-und-respekt\/","title":{"rendered":"LFC Award f\u00fcr Vielfalt und Respekt"},"content":{"rendered":"<p>Liebe Mitglieder und Freunde des MLC, w\u00e4hrend des Folsom Strassenfestes am Samstag, 11.09. wurde unser Gr\u00fcndungsmitglied Manfred Stavenhagen (Lohengrin) mit dem \u201eLFC Award f\u00fcr Vielfalt und Respekt\u201c ausgezeichnet.<\/p>\n<p>Bei der \u00dcbergabe war eine Delegation des MLC vor Ort und wir gratulieren Manfred auf diesem Wege nochmals zu dieser Ehrung!<\/p>\n<p>Mit herzlichen Fetischgr\u00fc\u00dfe<\/p>\n","protected":false},"excerpt":{"rendered":"<p>Liebe Mitglieder und Freunde des MLC, w\u00e4hrend des Folsom Strassenfestes am Samstag, 11.09. wurde unser Gr\u00fcndungsmitglied Manfred Stavenhagen (Lohengrin) mit dem \u201eLFC Award f\u00fcr Vielfalt und Respekt\u201c ausgezeichnet. Bei der \u00dcbergabe war eine Delegation des MLC vor Ort und wir gratulieren Manfred auf diesem Wege nochmals zu dieser Ehrung! Mit herzlichen Fetischgr\u00fc\u00dfe<\/p>\n","protected":false},"author":2,"featured_media":3257,"comment_status":"closed","ping_status":"closed","sticky":false,"template":"","format":"standard","meta":{"footnotes":""},"categories":[1],"tags":[],"class_list":["post-3256","post","type-post","status-publish","format-standard","has-post-thumbnail","hentry","category-allgemein","post-with-thumbnail","post-with-thumbnail-icon"],"translation":{"provider":"WPGlobus","version":"3.0.2","language":"de","enabled_languages":["de","en"],"languages":{"de":{"title":true,"content":true,"excerpt":false},"en":{"title":false,"content":false,"excerpt":false}}},"yoast_head":"<!-- This site is optimized with the Yoast SEO plugin v27.4 - https:\/\/yoast.com\/product\/yoast-seo-wordpress\/ -->\n<title>LFC Award f\u00fcr Vielfalt und Respekt - MLC M\u00fcnchner L\u00f6wen Club e.V.<\/title>\n<meta name=\"robots\" content=\"index, follow, max-snippet:-1, max-image-preview:large, max-video-preview:-1\" \/>\n<link rel=\"canonical\" href=\"https:\/\/www.mlc-munich.de\/web\/lfc-award-fuer-vielfalt-und-respekt\/\" \/>\n<meta property=\"og:locale\" content=\"de_DE\" \/>\n<meta property=\"og:type\" content=\"article\" \/>\n<meta property=\"og:title\" content=\"LFC Award f\u00fcr Vielfalt und Respekt - MLC M\u00fcnchner L\u00f6wen Club e.V.\" \/>\n<meta property=\"og:url\" content=\"https:\/\/www.mlc-munich.de\/web\/lfc-award-fuer-vielfalt-und-respekt\/\" \/>\n<meta property=\"og:site_name\" content=\"MLC M\u00fcnchner L\u00f6wen Club e.V.\" \/>\n<meta property=\"article:published_time\" content=\"2021-09-17T12:55:05+00:00\" \/>\n<meta property=\"article:modified_time\" content=\"2021-09-17T12:55:26+00:00\" \/>\n<meta property=\"og:image\" content=\"https:\/\/www.mlc-munich.de\/web\/wp-content\/uploads\/2021\/09\/241894212_6171708966204184_7196125386565219828_n.jpg\" \/>\n\t<meta property=\"og:image:width\" content=\"960\" \/>\n\t<meta property=\"og:image:height\" content=\"720\" \/>\n\t<meta property=\"og:image:type\" content=\"image\/jpeg\" \/>\n<meta name=\"author\" content=\"Andreas Bl\u00fcm\" \/>\n<meta name=\"twitter:card\" content=\"summary_large_image\" \/>\n<meta name=\"twitter:label1\" content=\"Verfasst von\" \/>\n\t<meta name=\"twitter:data1\" content=\"Andreas Bl\u00fcm\" \/>\n<script type=\"application\/ld+json\" class=\"yoast-schema-graph\">{\"@context\":\"https:\\\/\\\/schema.org\",\"@graph\":[{\"@type\":\"Article\",\"@id\":\"https:\\\/\\\/www.mlc-munich.de\\\/web\\\/lfc-award-fuer-vielfalt-und-respekt\\\/#article\",\"isPartOf\":{\"@id\":\"https:\\\/\\\/www.mlc-munich.de\\\/web\\\/lfc-award-fuer-vielfalt-und-respekt\\\/\"},\"author\":{\"name\":\"Andreas Bl\u00fcm\",\"@id\":\"https:\\\/\\\/www.mlc-munich.de\\\/web\\\/#\\\/schema\\\/person\\\/8ab46efdd6adab85dc79e46ba23bf666\"},\"headline\":\"LFC Award f\u00fcr Vielfalt und Respekt\",\"datePublished\":\"2021-09-17T12:55:05+00:00\",\"dateModified\":\"2021-09-17T12:55:26+00:00\",\"mainEntityOfPage\":{\"@id\":\"https:\\\/\\\/www.mlc-munich.de\\\/web\\\/lfc-award-fuer-vielfalt-und-respekt\\\/\"},\"wordCount\":62,\"publisher\":{\"@id\":\"https:\\\/\\\/www.mlc-munich.de\\\/web\\\/#organization\"},\"image\":{\"@id\":\"https:\\\/\\\/www.mlc-munich.de\\\/web\\\/lfc-award-fuer-vielfalt-und-respekt\\\/#primaryimage\"},\"thumbnailUrl\":\"https:\\\/\\\/www.mlc-munich.de\\\/web\\\/wp-content\\\/uploads\\\/2021\\\/09\\\/241894212_6171708966204184_7196125386565219828_n.jpg\",\"inLanguage\":\"de\"},{\"@type\":\"WebPage\",\"@id\":\"https:\\\/\\\/www.mlc-munich.de\\\/web\\\/lfc-award-fuer-vielfalt-und-respekt\\\/\",\"url\":\"https:\\\/\\\/www.mlc-munich.de\\\/web\\\/lfc-award-fuer-vielfalt-und-respekt\\\/\",\"name\":\"LFC Award f\u00fcr Vielfalt und Respekt - MLC M\u00fcnchner L\u00f6wen Club e.V.\",\"isPartOf\":{\"@id\":\"https:\\\/\\\/www.mlc-munich.de\\\/web\\\/#website\"},\"primaryImageOfPage\":{\"@id\":\"https:\\\/\\\/www.mlc-munich.de\\\/web\\\/lfc-award-fuer-vielfalt-und-respekt\\\/#primaryimage\"},\"image\":{\"@id\":\"https:\\\/\\\/www.mlc-munich.de\\\/web\\\/lfc-award-fuer-vielfalt-und-respekt\\\/#primaryimage\"},\"thumbnailUrl\":\"https:\\\/\\\/www.mlc-munich.de\\\/web\\\/wp-content\\\/uploads\\\/2021\\\/09\\\/241894212_6171708966204184_7196125386565219828_n.jpg\",\"datePublished\":\"2021-09-17T12:55:05+00:00\",\"dateModified\":\"2021-09-17T12:55:26+00:00\",\"breadcrumb\":{\"@id\":\"https:\\\/\\\/www.mlc-munich.de\\\/web\\\/lfc-award-fuer-vielfalt-und-respekt\\\/#breadcrumb\"},\"inLanguage\":\"de\",\"potentialAction\":[{\"@type\":\"ReadAction\",\"target\":[\"https:\\\/\\\/www.mlc-munich.de\\\/web\\\/lfc-award-fuer-vielfalt-und-respekt\\\/\"]}]},{\"@type\":\"ImageObject\",\"inLanguage\":\"de\",\"@id\":\"https:\\\/\\\/www.mlc-munich.de\\\/web\\\/lfc-award-fuer-vielfalt-und-respekt\\\/#primaryimage\",\"url\":\"https:\\\/\\\/www.mlc-munich.de\\\/web\\\/wp-content\\\/uploads\\\/2021\\\/09\\\/241894212_6171708966204184_7196125386565219828_n.jpg\",\"contentUrl\":\"https:\\\/\\\/www.mlc-munich.de\\\/web\\\/wp-content\\\/uploads\\\/2021\\\/09\\\/241894212_6171708966204184_7196125386565219828_n.jpg\",\"width\":960,\"height\":720},{\"@type\":\"BreadcrumbList\",\"@id\":\"https:\\\/\\\/www.mlc-munich.de\\\/web\\\/lfc-award-fuer-vielfalt-und-respekt\\\/#breadcrumb\",\"itemListElement\":[{\"@type\":\"ListItem\",\"position\":1,\"name\":\"Startseite\",\"item\":\"https:\\\/\\\/www.mlc-munich.de\\\/web\\\/\"},{\"@type\":\"ListItem\",\"position\":2,\"name\":\"LFC Award f\u00fcr Vielfalt und Respekt\"}]},{\"@type\":\"WebSite\",\"@id\":\"https:\\\/\\\/www.mlc-munich.de\\\/web\\\/#website\",\"url\":\"https:\\\/\\\/www.mlc-munich.de\\\/web\\\/\",\"name\":\"MLC M\u00fcnchner L\u00f6wen Club e.V.\",\"description\":\"MLC M\u00fcnchner L\u00f6wen Club e.V.\",\"publisher\":{\"@id\":\"https:\\\/\\\/www.mlc-munich.de\\\/web\\\/#organization\"},\"potentialAction\":[{\"@type\":\"SearchAction\",\"target\":{\"@type\":\"EntryPoint\",\"urlTemplate\":\"https:\\\/\\\/www.mlc-munich.de\\\/web\\\/?s={search_term_string}\"},\"query-input\":{\"@type\":\"PropertyValueSpecification\",\"valueRequired\":true,\"valueName\":\"search_term_string\"}}],\"inLanguage\":\"de\"},{\"@type\":\"Organization\",\"@id\":\"https:\\\/\\\/www.mlc-munich.de\\\/web\\\/#organization\",\"name\":\"MLC M\u00fcnchner L\u00f6wen Club e.V.\",\"url\":\"https:\\\/\\\/www.mlc-munich.de\\\/web\\\/\",\"logo\":{\"@type\":\"ImageObject\",\"inLanguage\":\"de\",\"@id\":\"https:\\\/\\\/www.mlc-munich.de\\\/web\\\/#\\\/schema\\\/logo\\\/image\\\/\",\"url\":\"https:\\\/\\\/www.mlc-munich.de\\\/web\\\/wp-content\\\/uploads\\\/2018\\\/05\\\/logo_250x95px-Kopie.png\",\"contentUrl\":\"https:\\\/\\\/www.mlc-munich.de\\\/web\\\/wp-content\\\/uploads\\\/2018\\\/05\\\/logo_250x95px-Kopie.png\",\"width\":250,\"height\":95,\"caption\":\"MLC M\u00fcnchner L\u00f6wen Club e.V.\"},\"image\":{\"@id\":\"https:\\\/\\\/www.mlc-munich.de\\\/web\\\/#\\\/schema\\\/logo\\\/image\\\/\"}},{\"@type\":\"Person\",\"@id\":\"https:\\\/\\\/www.mlc-munich.de\\\/web\\\/#\\\/schema\\\/person\\\/8ab46efdd6adab85dc79e46ba23bf666\",\"name\":\"Andreas Bl\u00fcm\",\"image\":{\"@type\":\"ImageObject\",\"inLanguage\":\"de\",\"@id\":\"https:\\\/\\\/secure.gravatar.com\\\/avatar\\\/4911c491b7f433eacb8c9d4ed7cdc1b43c9980887f0b50534ea89397966226ee?s=96&d=mm&r=r\",\"url\":\"https:\\\/\\\/secure.gravatar.com\\\/avatar\\\/4911c491b7f433eacb8c9d4ed7cdc1b43c9980887f0b50534ea89397966226ee?s=96&d=mm&r=r\",\"contentUrl\":\"https:\\\/\\\/secure.gravatar.com\\\/avatar\\\/4911c491b7f433eacb8c9d4ed7cdc1b43c9980887f0b50534ea89397966226ee?s=96&d=mm&r=r\",\"caption\":\"Andreas Bl\u00fcm\"},\"url\":\"https:\\\/\\\/www.mlc-munich.de\\\/web\\\/author\\\/andy\\\/\"}]}<\/script>\n<!-- \/ Yoast SEO plugin. -->","yoast_head_json":{"title":"LFC Award f\u00fcr Vielfalt und Respekt - MLC M\u00fcnchner L\u00f6wen Club e.V.","robots":{"index":"index","follow":"follow","max-snippet":"max-snippet:-1","max-image-preview":"max-image-preview:large","max-video-preview":"max-video-preview:-1"},"canonical":"https:\/\/www.mlc-munich.de\/web\/lfc-award-fuer-vielfalt-und-respekt\/","og_locale":"de_DE","og_type":"article","og_title":"LFC Award f\u00fcr Vielfalt und Respekt - MLC M\u00fcnchner L\u00f6wen Club e.V.","og_url":"https:\/\/www.mlc-munich.de\/web\/lfc-award-fuer-vielfalt-und-respekt\/","og_site_name":"MLC M\u00fcnchner L\u00f6wen Club e.V.","article_published_time":"2021-09-17T12:55:05+00:00","article_modified_time":"2021-09-17T12:55:26+00:00","og_image":[{"width":960,"height":720,"url":"https:\/\/www.mlc-munich.de\/web\/wp-content\/uploads\/2021\/09\/241894212_6171708966204184_7196125386565219828_n.jpg","type":"image\/jpeg"}],"author":"Andreas Bl\u00fcm","twitter_card":"summary_large_image","twitter_misc":{"Verfasst von":"Andreas Bl\u00fcm"},"schema":{"@context":"https:\/\/schema.org","@graph":[{"@type":"Article","@id":"https:\/\/www.mlc-munich.de\/web\/lfc-award-fuer-vielfalt-und-respekt\/#article","isPartOf":{"@id":"https:\/\/www.mlc-munich.de\/web\/lfc-award-fuer-vielfalt-und-respekt\/"},"author":{"name":"Andreas Bl\u00fcm","@id":"https:\/\/www.mlc-munich.de\/web\/#\/schema\/person\/8ab46efdd6adab85dc79e46ba23bf666"},"headline":"LFC Award f\u00fcr Vielfalt und Respekt","datePublished":"2021-09-17T12:55:05+00:00","dateModified":"2021-09-17T12:55:26+00:00","mainEntityOfPage":{"@id":"https:\/\/www.mlc-munich.de\/web\/lfc-award-fuer-vielfalt-und-respekt\/"},"wordCount":62,"publisher":{"@id":"https:\/\/www.mlc-munich.de\/web\/#organization"},"image":{"@id":"https:\/\/www.mlc-munich.de\/web\/lfc-award-fuer-vielfalt-und-respekt\/#primaryimage"},"thumbnailUrl":"https:\/\/www.mlc-munich.de\/web\/wp-content\/uploads\/2021\/09\/241894212_6171708966204184_7196125386565219828_n.jpg","inLanguage":"de"},{"@type":"WebPage","@id":"https:\/\/www.mlc-munich.de\/web\/lfc-award-fuer-vielfalt-und-respekt\/","url":"https:\/\/www.mlc-munich.de\/web\/lfc-award-fuer-vielfalt-und-respekt\/","name":"LFC Award f\u00fcr Vielfalt und Respekt - MLC M\u00fcnchner L\u00f6wen Club e.V.","isPartOf":{"@id":"https:\/\/www.mlc-munich.de\/web\/#website"},"primaryImageOfPage":{"@id":"https:\/\/www.mlc-munich.de\/web\/lfc-award-fuer-vielfalt-und-respekt\/#primaryimage"},"image":{"@id":"https:\/\/www.mlc-munich.de\/web\/lfc-award-fuer-vielfalt-und-respekt\/#primaryimage"},"thumbnailUrl":"https:\/\/www.mlc-munich.de\/web\/wp-content\/uploads\/2021\/09\/241894212_6171708966204184_7196125386565219828_n.jpg","datePublished":"2021-09-17T12:55:05+00:00","dateModified":"2021-09-17T12:55:26+00:00","breadcrumb":{"@id":"https:\/\/www.mlc-munich.de\/web\/lfc-award-fuer-vielfalt-und-respekt\/#breadcrumb"},"inLanguage":"de","potentialAction":[{"@type":"ReadAction","target":["https:\/\/www.mlc-munich.de\/web\/lfc-award-fuer-vielfalt-und-respekt\/"]}]},{"@type":"ImageObject","inLanguage":"de","@id":"https:\/\/www.mlc-munich.de\/web\/lfc-award-fuer-vielfalt-und-respekt\/#primaryimage","url":"https:\/\/www.mlc-munich.de\/web\/wp-content\/uploads\/2021\/09\/241894212_6171708966204184_7196125386565219828_n.jpg","contentUrl":"https:\/\/www.mlc-munich.de\/web\/wp-content\/uploads\/2021\/09\/241894212_6171708966204184_7196125386565219828_n.jpg","width":960,"height":720},{"@type":"BreadcrumbList","@id":"https:\/\/www.mlc-munich.de\/web\/lfc-award-fuer-vielfalt-und-respekt\/#breadcrumb","itemListElement":[{"@type":"ListItem","position":1,"name":"Startseite","item":"https:\/\/www.mlc-munich.de\/web\/"},{"@type":"ListItem","position":2,"name":"LFC Award f\u00fcr Vielfalt und Respekt"}]},{"@type":"WebSite","@id":"https:\/\/www.mlc-munich.de\/web\/#website","url":"https:\/\/www.mlc-munich.de\/web\/","name":"MLC M\u00fcnchner L\u00f6wen Club e.V.","description":"MLC M\u00fcnchner L\u00f6wen Club e.V.","publisher":{"@id":"https:\/\/www.mlc-munich.de\/web\/#organization"},"potentialAction":[{"@type":"SearchAction","target":{"@type":"EntryPoint","urlTemplate":"https:\/\/www.mlc-munich.de\/web\/?s={search_term_string}"},"query-input":{"@type":"PropertyValueSpecification","valueRequired":true,"valueName":"search_term_string"}}],"inLanguage":"de"},{"@type":"Organization","@id":"https:\/\/www.mlc-munich.de\/web\/#organization","name":"MLC M\u00fcnchner L\u00f6wen Club e.V.","url":"https:\/\/www.mlc-munich.de\/web\/","logo":{"@type":"ImageObject","inLanguage":"de","@id":"https:\/\/www.mlc-munich.de\/web\/#\/schema\/logo\/image\/","url":"https:\/\/www.mlc-munich.de\/web\/wp-content\/uploads\/2018\/05\/logo_250x95px-Kopie.png","contentUrl":"https:\/\/www.mlc-munich.de\/web\/wp-content\/uploads\/2018\/05\/logo_250x95px-Kopie.png","width":250,"height":95,"caption":"MLC M\u00fcnchner L\u00f6wen Club e.V."},"image":{"@id":"https:\/\/www.mlc-munich.de\/web\/#\/schema\/logo\/image\/"}},{"@type":"Person","@id":"https:\/\/www.mlc-munich.de\/web\/#\/schema\/person\/8ab46efdd6adab85dc79e46ba23bf666","name":"Andreas Bl\u00fcm","image":{"@type":"ImageObject","inLanguage":"de","@id":"https:\/\/secure.gravatar.com\/avatar\/4911c491b7f433eacb8c9d4ed7cdc1b43c9980887f0b50534ea89397966226ee?s=96&d=mm&r=r","url":"https:\/\/secure.gravatar.com\/avatar\/4911c491b7f433eacb8c9d4ed7cdc1b43c9980887f0b50534ea89397966226ee?s=96&d=mm&r=r","contentUrl":"https:\/\/secure.gravatar.com\/avatar\/4911c491b7f433eacb8c9d4ed7cdc1b43c9980887f0b50534ea89397966226ee?s=96&d=mm&r=r","caption":"Andreas Bl\u00fcm"},"url":"https:\/\/www.mlc-munich.de\/web\/author\/andy\/"}]}},"_links":{"self":[{"href":"https:\/\/www.mlc-munich.de\/web\/wp-json\/wp\/v2\/posts\/3256","targetHints":{"allow":["GET"]}}],"collection":[{"href":"https:\/\/www.mlc-munich.de\/web\/wp-json\/wp\/v2\/posts"}],"about":[{"href":"https:\/\/www.mlc-munich.de\/web\/wp-json\/wp\/v2\/types\/post"}],"author":[{"embeddable":true,"href":"https:\/\/www.mlc-munich.de\/web\/wp-json\/wp\/v2\/users\/2"}],"replies":[{"embeddable":true,"href":"https:\/\/www.mlc-munich.de\/web\/wp-json\/wp\/v2\/comments?post=3256"}],"version-history":[{"count":2,"href":"https:\/\/www.mlc-munich.de\/web\/wp-json\/wp\/v2\/posts\/3256\/revisions"}],"predecessor-version":[{"id":3260,"href":"https:\/\/www.mlc-munich.de\/web\/wp-json\/wp\/v2\/posts\/3256\/revisions\/3260"}],"wp:featuredmedia":[{"embeddable":true,"href":"https:\/\/www.mlc-munich.de\/web\/wp-json\/wp\/v2\/media\/3257"}],"wp:attachment":[{"href":"https:\/\/www.mlc-munich.de\/web\/wp-json\/wp\/v2\/media?parent=3256"}],"wp:term":[{"taxonomy":"category","embeddable":true,"href":"https:\/\/www.mlc-munich.de\/web\/wp-json\/wp\/v2\/categories?post=3256"},{"taxonomy":"post_tag","embeddable":true,"href":"https:\/\/www.mlc-munich.de\/web\/wp-json\/wp\/v2\/tags?post=3256"}],"curies":[{"name":"wp","href":"https:\/\/api.w.org\/{rel}","templated":true}]}}