{"id":4935,"date":"2022-04-25T13:13:43","date_gmt":"2022-04-25T11:13:43","guid":{"rendered":"https:\/\/www.mlc-munich.de\/web\/?p=4935"},"modified":"2022-04-27T14:53:57","modified_gmt":"2022-04-27T12:53:57","slug":"mlc-verabschiedet-langjaehrige-vorstaende-neuer-vorstand-will-den-traditionsverein-in-die-zukunft-fuehren","status":"publish","type":"post","link":"https:\/\/www.mlc-munich.de\/web\/mlc-verabschiedet-langjaehrige-vorstaende-neuer-vorstand-will-den-traditionsverein-in-die-zukunft-fuehren\/","title":{"rendered":"MLC verabschiedet langj\u00e4hrige Vorst\u00e4nde &#8211; Neuer Vorstand will den Traditionsverein in die Zukunft f\u00fchren"},"content":{"rendered":"\n\t\t<style type=\"text\/css\">\n\t\t\t#gallery-1 {\n\t\t\t\tmargin: auto;\n\t\t\t}\n\t\t\t#gallery-1 .gallery-item {\n\t\t\t\tfloat: left;\n\t\t\t\tmargin-top: 10px;\n\t\t\t\ttext-align: center;\n\t\t\t\twidth: 33%;\n\t\t\t}\n\t\t\t#gallery-1 img {\n\t\t\t\tborder: 2px solid #cfcfcf;\n\t\t\t}\n\t\t\t#gallery-1 .gallery-caption {\n\t\t\t\tmargin-left: 0;\n\t\t\t}\n\t\t\t\/* see gallery_shortcode() in wp-includes\/media.php *\/\n\t\t<\/style>\n\t\t<div id='gallery-1' class='gallery galleryid-4935 gallery-columns-3 gallery-size-large'><dl class='gallery-item'>\n\t\t\t<dt class='gallery-icon landscape'>\n\t\t\t\t<a href='https:\/\/www.mlc-munich.de\/web\/wp-content\/uploads\/2022\/04\/IMG_4174.jpg'><img loading=\"lazy\" decoding=\"async\" width=\"720\" height=\"600\" src=\"https:\/\/www.mlc-munich.de\/web\/wp-content\/uploads\/2022\/04\/IMG_4174-2000x1666.jpg\" class=\"attachment-large size-large\" alt=\"\" srcset=\"https:\/\/www.mlc-munich.de\/web\/wp-content\/uploads\/2022\/04\/IMG_4174-2000x1666.jpg 2000w, https:\/\/www.mlc-munich.de\/web\/wp-content\/uploads\/2022\/04\/IMG_4174-600x500.jpg 600w, https:\/\/www.mlc-munich.de\/web\/wp-content\/uploads\/2022\/04\/IMG_4174-768x640.jpg 768w, https:\/\/www.mlc-munich.de\/web\/wp-content\/uploads\/2022\/04\/IMG_4174-1536x1280.jpg 1536w, https:\/\/www.mlc-munich.de\/web\/wp-content\/uploads\/2022\/04\/IMG_4174.jpg 2048w\" sizes=\"auto, (max-width: 720px) 100vw, 720px\" \/><\/a>\n\t\t\t<\/dt><\/dl><dl class='gallery-item'>\n\t\t\t<dt class='gallery-icon portrait'>\n\t\t\t\t<a href='https:\/\/www.mlc-munich.de\/web\/wp-content\/uploads\/2022\/04\/IMG_4175.jpg'><img loading=\"lazy\" decoding=\"async\" width=\"720\" height=\"864\" src=\"https:\/\/www.mlc-munich.de\/web\/wp-content\/uploads\/2022\/04\/IMG_4175-1666x2000.jpg\" class=\"attachment-large size-large\" alt=\"\" srcset=\"https:\/\/www.mlc-munich.de\/web\/wp-content\/uploads\/2022\/04\/IMG_4175-1666x2000.jpg 1666w, https:\/\/www.mlc-munich.de\/web\/wp-content\/uploads\/2022\/04\/IMG_4175-500x600.jpg 500w, https:\/\/www.mlc-munich.de\/web\/wp-content\/uploads\/2022\/04\/IMG_4175-768x922.jpg 768w, https:\/\/www.mlc-munich.de\/web\/wp-content\/uploads\/2022\/04\/IMG_4175-1280x1536.jpg 1280w, https:\/\/www.mlc-munich.de\/web\/wp-content\/uploads\/2022\/04\/IMG_4175.jpg 1706w\" sizes=\"auto, (max-width: 720px) 100vw, 720px\" \/><\/a>\n\t\t\t<\/dt><\/dl><dl class='gallery-item'>\n\t\t\t<dt class='gallery-icon landscape'>\n\t\t\t\t<a href='https:\/\/www.mlc-munich.de\/web\/wp-content\/uploads\/2022\/04\/IMG_4173.jpg'><img loading=\"lazy\" decoding=\"async\" width=\"720\" height=\"567\" src=\"https:\/\/www.mlc-munich.de\/web\/wp-content\/uploads\/2022\/04\/IMG_4173-2000x1576.jpg\" class=\"attachment-large size-large\" alt=\"\" srcset=\"https:\/\/www.mlc-munich.de\/web\/wp-content\/uploads\/2022\/04\/IMG_4173-2000x1576.jpg 2000w, https:\/\/www.mlc-munich.de\/web\/wp-content\/uploads\/2022\/04\/IMG_4173-600x473.jpg 600w, https:\/\/www.mlc-munich.de\/web\/wp-content\/uploads\/2022\/04\/IMG_4173-768x605.jpg 768w, https:\/\/www.mlc-munich.de\/web\/wp-content\/uploads\/2022\/04\/IMG_4173-1536x1211.jpg 1536w, https:\/\/www.mlc-munich.de\/web\/wp-content\/uploads\/2022\/04\/IMG_4173.jpg 2048w\" sizes=\"auto, (max-width: 720px) 100vw, 720px\" \/><\/a>\n\t\t\t<\/dt><\/dl><br style=\"clear: both\" \/>\n\t\t<\/div>\n\n<p>Am Sonntag, 24.04.2022, fand im Oberanger Theater in M\u00fcnchen erstmal nach zweij\u00e4hriger, pandemiebedingter Pause wieder die Mitgliederversammlung des M\u00fcnchner L\u00f6wen Clubs e. V. (MLC) statt. Ein wesentlicher Punkt auf der Tagesordnung war hierbei die Wahl der neuen Vorst\u00e4nde.<\/p>\n<p>Bereits im Vorfeld hatten die langj\u00e4hrigen Vorst\u00e4nde Dieter, Raymund und Werner angek\u00fcndigt, nicht zur Wiederwahl anzutreten.<br \/>\nUnter ihrer F\u00fchrung hat sich der MLC zum gr\u00f6\u00dften Fetisch-Verein Europas mit \u00fcber 600 Mitgliedern weiterentwickelt. Der Verein, als wesentlicher Teil der M\u00fcnchner Gay-Community, ist Dank ihres Einsatzes weit \u00fcber die Grenzen M\u00fcnchens hinaus bekannt geworden.<\/p>\n<p>Das herausragende Engagement der drei Vorst\u00e4nde \u00fcber viele Jahre hat die Mitgliederversammlung mit einer Verabschiedung gew\u00fcrdigt, in der auch die gro\u00dfe Freude sowie Dankbarkeit ausgedr\u00fcckt wurde, dass die Vorst\u00e4nde auch nach ihrer Amtszeit dem Verein treu bleiben und dem neuen Vorstand unterst\u00fctzend zur Seite stehen wollen.<\/p>\n<p>Mit Curtis, Benjamin und Martin wurden drei ebenfalls schon seit Jahren im Verein au\u00dferordentlich engagierte Mitglieder zu neuen Vorst\u00e4nden gew\u00e4hlt. Alle drei sind auch \u00fcber die M\u00fcnchner Grenzen hinaus in der Fetisch-Szene gut vernetzt und haben bereits im MLC und auch in weiteren Community-Organisationen und bei Events als (Mit-) Organisatoren und Ideengeber ihr Engagement gezeigt. Sie haben sich gemeinsam zum Ziel gesetzt, die stolze, \u00fcber vierzigj\u00e4hrige Tradition des MLC fortzuf\u00fchren und den erfolgreichen Verein nicht nur in M\u00fcnchen, sondern auch in der internationalen Fetisch-Szene weiter zu etablieren und in die Zukunft zu f\u00fchren.<\/p>\n<p>Neben dem Vorstand wurden auch die Revisoren neu gew\u00e4hlt. W\u00e4hrend Lukas sich gegen eine weitere Amtszeit ausgesprochen hat, konnten wir Franz, mit \u00fcber 16 j\u00e4hriger MLC Revisort\u00e4tigkeit, f\u00fcr eine weitere Amtszeit \u00fcberzeugen. Neuer Revisor ist Torsten, der als Jurist auch einschl\u00e4gige Erfahrung als Revisor hat.<\/p>\n<p>Wir bedanken uns bei Dieter, Raymund und Werner f\u00fcr ihren unerm\u00fcdlichen Einsatz f\u00fcr den MLC. Den neuen Vorst\u00e4nden und Revisoren gratulieren wir herzlich zur Wahl und w\u00fcnschen ihnen bei ihrer ehrenamtlichen Arbeit f\u00fcr den MLC viel Erfolg.<\/p>\n","protected":false},"excerpt":{"rendered":"<p>Am Sonntag, 24.04.2022, fand im Oberanger Theater in M\u00fcnchen erstmal nach zweij\u00e4hriger, pandemiebedingter Pause wieder die Mitgliederversammlung des M\u00fcnchner L\u00f6wen Clubs e. V. (MLC) statt. Ein wesentlicher Punkt auf der Tagesordnung war hierbei die Wahl der neuen Vorst\u00e4nde. Bereits im Vorfeld hatten die langj\u00e4hrigen Vorst\u00e4nde Dieter, Raymund und Werner angek\u00fcndigt, nicht zur Wiederwahl anzutreten. Unter ihrer F\u00fchrung hat sich der MLC zum gr\u00f6\u00dften Fetisch-Verein Europas mit \u00fcber 600 Mitgliedern weiterentwickelt. Der Verein, als wesentlicher Teil der M\u00fcnchner Gay-Community, ist Dank [&hellip;]<\/p>\n","protected":false},"author":2,"featured_media":4959,"comment_status":"closed","ping_status":"closed","sticky":false,"template":"","format":"standard","meta":{"footnotes":""},"categories":[1],"tags":[],"class_list":["post-4935","post","type-post","status-publish","format-standard","has-post-thumbnail","hentry","category-allgemein","post-with-thumbnail","post-with-thumbnail-icon"],"translation":{"provider":"WPGlobus","version":"3.0.2","language":"de","enabled_languages":["de","en"],"languages":{"de":{"title":true,"content":true,"excerpt":false},"en":{"title":true,"content":true,"excerpt":false}}},"yoast_head":"<!-- This site is optimized with the Yoast SEO plugin v27.4 - https:\/\/yoast.com\/product\/yoast-seo-wordpress\/ -->\n<title>MLC verabschiedet langj\u00e4hrige Vorst\u00e4nde - Neuer Vorstand will den Traditionsverein in die Zukunft f\u00fchren - MLC M\u00fcnchner L\u00f6wen Club e.V.<\/title>\n<meta name=\"robots\" content=\"index, follow, max-snippet:-1, max-image-preview:large, max-video-preview:-1\" \/>\n<link rel=\"canonical\" href=\"https:\/\/www.mlc-munich.de\/web\/mlc-verabschiedet-langjaehrige-vorstaende-neuer-vorstand-will-den-traditionsverein-in-die-zukunft-fuehren\/\" \/>\n<meta property=\"og:locale\" content=\"de_DE\" \/>\n<meta property=\"og:type\" content=\"article\" \/>\n<meta property=\"og:title\" content=\"MLC verabschiedet langj\u00e4hrige Vorst\u00e4nde - Neuer Vorstand will den Traditionsverein in die Zukunft f\u00fchren - MLC M\u00fcnchner L\u00f6wen Club e.V.\" \/>\n<meta property=\"og:url\" content=\"https:\/\/www.mlc-munich.de\/web\/mlc-verabschiedet-langjaehrige-vorstaende-neuer-vorstand-will-den-traditionsverein-in-die-zukunft-fuehren\/\" \/>\n<meta property=\"og:site_name\" content=\"MLC M\u00fcnchner L\u00f6wen Club e.V.\" \/>\n<meta property=\"article:published_time\" content=\"2022-04-25T11:13:43+00:00\" \/>\n<meta property=\"article:modified_time\" content=\"2022-04-27T12:53:57+00:00\" \/>\n<meta property=\"og:image\" content=\"https:\/\/www.mlc-munich.de\/web\/wp-content\/uploads\/2022\/04\/HV22_0001-200x200.jpeg\" \/>\n\t<meta property=\"og:image:width\" content=\"305\" \/>\n\t<meta property=\"og:image:height\" content=\"240\" \/>\n\t<meta property=\"og:image:type\" content=\"image\/jpeg\" \/>\n<meta name=\"author\" content=\"Andreas Bl\u00fcm\" \/>\n<meta name=\"twitter:card\" content=\"summary_large_image\" \/>\n<meta name=\"twitter:image\" content=\"https:\/\/www.mlc-munich.de\/web\/wp-content\/uploads\/2022\/04\/HV22_0001.jpeg\" \/>\n<meta name=\"twitter:label1\" content=\"Verfasst von\" \/>\n\t<meta name=\"twitter:data1\" content=\"Andreas Bl\u00fcm\" \/>\n\t<meta name=\"twitter:label2\" content=\"Gesch\u00e4tzte Lesezeit\" \/>\n\t<meta name=\"twitter:data2\" content=\"2\u00a0Minuten\" \/>\n<script type=\"application\/ld+json\" class=\"yoast-schema-graph\">{\"@context\":\"https:\\\/\\\/schema.org\",\"@graph\":[{\"@type\":\"Article\",\"@id\":\"https:\\\/\\\/www.mlc-munich.de\\\/web\\\/mlc-verabschiedet-langjaehrige-vorstaende-neuer-vorstand-will-den-traditionsverein-in-die-zukunft-fuehren\\\/#article\",\"isPartOf\":{\"@id\":\"https:\\\/\\\/www.mlc-munich.de\\\/web\\\/mlc-verabschiedet-langjaehrige-vorstaende-neuer-vorstand-will-den-traditionsverein-in-die-zukunft-fuehren\\\/\"},\"author\":{\"name\":\"Andreas Bl\u00fcm\",\"@id\":\"https:\\\/\\\/www.mlc-munich.de\\\/web\\\/#\\\/schema\\\/person\\\/8ab46efdd6adab85dc79e46ba23bf666\"},\"headline\":\"MLC verabschiedet langj\u00e4hrige Vorst\u00e4nde &#8211; Neuer Vorstand will den Traditionsverein in die Zukunft f\u00fchren\",\"datePublished\":\"2022-04-25T11:13:43+00:00\",\"dateModified\":\"2022-04-27T12:53:57+00:00\",\"mainEntityOfPage\":{\"@id\":\"https:\\\/\\\/www.mlc-munich.de\\\/web\\\/mlc-verabschiedet-langjaehrige-vorstaende-neuer-vorstand-will-den-traditionsverein-in-die-zukunft-fuehren\\\/\"},\"wordCount\":758,\"publisher\":{\"@id\":\"https:\\\/\\\/www.mlc-munich.de\\\/web\\\/#organization\"},\"image\":{\"@id\":\"https:\\\/\\\/www.mlc-munich.de\\\/web\\\/mlc-verabschiedet-langjaehrige-vorstaende-neuer-vorstand-will-den-traditionsverein-in-die-zukunft-fuehren\\\/#primaryimage\"},\"thumbnailUrl\":\"https:\\\/\\\/www.mlc-munich.de\\\/web\\\/wp-content\\\/uploads\\\/2022\\\/04\\\/IMG_4175.jpg\",\"inLanguage\":\"de\"},{\"@type\":\"WebPage\",\"@id\":\"https:\\\/\\\/www.mlc-munich.de\\\/web\\\/mlc-verabschiedet-langjaehrige-vorstaende-neuer-vorstand-will-den-traditionsverein-in-die-zukunft-fuehren\\\/\",\"url\":\"https:\\\/\\\/www.mlc-munich.de\\\/web\\\/mlc-verabschiedet-langjaehrige-vorstaende-neuer-vorstand-will-den-traditionsverein-in-die-zukunft-fuehren\\\/\",\"name\":\"MLC verabschiedet langj\u00e4hrige Vorst\u00e4nde - Neuer Vorstand will den Traditionsverein in die Zukunft f\u00fchren - MLC M\u00fcnchner L\u00f6wen Club e.V.\",\"isPartOf\":{\"@id\":\"https:\\\/\\\/www.mlc-munich.de\\\/web\\\/#website\"},\"primaryImageOfPage\":{\"@id\":\"https:\\\/\\\/www.mlc-munich.de\\\/web\\\/mlc-verabschiedet-langjaehrige-vorstaende-neuer-vorstand-will-den-traditionsverein-in-die-zukunft-fuehren\\\/#primaryimage\"},\"image\":{\"@id\":\"https:\\\/\\\/www.mlc-munich.de\\\/web\\\/mlc-verabschiedet-langjaehrige-vorstaende-neuer-vorstand-will-den-traditionsverein-in-die-zukunft-fuehren\\\/#primaryimage\"},\"thumbnailUrl\":\"https:\\\/\\\/www.mlc-munich.de\\\/web\\\/wp-content\\\/uploads\\\/2022\\\/04\\\/IMG_4175.jpg\",\"datePublished\":\"2022-04-25T11:13:43+00:00\",\"dateModified\":\"2022-04-27T12:53:57+00:00\",\"breadcrumb\":{\"@id\":\"https:\\\/\\\/www.mlc-munich.de\\\/web\\\/mlc-verabschiedet-langjaehrige-vorstaende-neuer-vorstand-will-den-traditionsverein-in-die-zukunft-fuehren\\\/#breadcrumb\"},\"inLanguage\":\"de\",\"potentialAction\":[{\"@type\":\"ReadAction\",\"target\":[\"https:\\\/\\\/www.mlc-munich.de\\\/web\\\/mlc-verabschiedet-langjaehrige-vorstaende-neuer-vorstand-will-den-traditionsverein-in-die-zukunft-fuehren\\\/\"]}]},{\"@type\":\"ImageObject\",\"inLanguage\":\"de\",\"@id\":\"https:\\\/\\\/www.mlc-munich.de\\\/web\\\/mlc-verabschiedet-langjaehrige-vorstaende-neuer-vorstand-will-den-traditionsverein-in-die-zukunft-fuehren\\\/#primaryimage\",\"url\":\"https:\\\/\\\/www.mlc-munich.de\\\/web\\\/wp-content\\\/uploads\\\/2022\\\/04\\\/IMG_4175.jpg\",\"contentUrl\":\"https:\\\/\\\/www.mlc-munich.de\\\/web\\\/wp-content\\\/uploads\\\/2022\\\/04\\\/IMG_4175.jpg\",\"width\":1706,\"height\":2048},{\"@type\":\"BreadcrumbList\",\"@id\":\"https:\\\/\\\/www.mlc-munich.de\\\/web\\\/mlc-verabschiedet-langjaehrige-vorstaende-neuer-vorstand-will-den-traditionsverein-in-die-zukunft-fuehren\\\/#breadcrumb\",\"itemListElement\":[{\"@type\":\"ListItem\",\"position\":1,\"name\":\"Startseite\",\"item\":\"https:\\\/\\\/www.mlc-munich.de\\\/web\\\/\"},{\"@type\":\"ListItem\",\"position\":2,\"name\":\"MLC verabschiedet langj\u00e4hrige Vorst\u00e4nde &#8211; Neuer Vorstand will den Traditionsverein in die Zukunft f\u00fchren\"}]},{\"@type\":\"WebSite\",\"@id\":\"https:\\\/\\\/www.mlc-munich.de\\\/web\\\/#website\",\"url\":\"https:\\\/\\\/www.mlc-munich.de\\\/web\\\/\",\"name\":\"MLC M\u00fcnchner L\u00f6wen Club e.V.\",\"description\":\"MLC M\u00fcnchner L\u00f6wen Club e.V.\",\"publisher\":{\"@id\":\"https:\\\/\\\/www.mlc-munich.de\\\/web\\\/#organization\"},\"potentialAction\":[{\"@type\":\"SearchAction\",\"target\":{\"@type\":\"EntryPoint\",\"urlTemplate\":\"https:\\\/\\\/www.mlc-munich.de\\\/web\\\/?s={search_term_string}\"},\"query-input\":{\"@type\":\"PropertyValueSpecification\",\"valueRequired\":true,\"valueName\":\"search_term_string\"}}],\"inLanguage\":\"de\"},{\"@type\":\"Organization\",\"@id\":\"https:\\\/\\\/www.mlc-munich.de\\\/web\\\/#organization\",\"name\":\"MLC M\u00fcnchner L\u00f6wen Club e.V.\",\"url\":\"https:\\\/\\\/www.mlc-munich.de\\\/web\\\/\",\"logo\":{\"@type\":\"ImageObject\",\"inLanguage\":\"de\",\"@id\":\"https:\\\/\\\/www.mlc-munich.de\\\/web\\\/#\\\/schema\\\/logo\\\/image\\\/\",\"url\":\"https:\\\/\\\/www.mlc-munich.de\\\/web\\\/wp-content\\\/uploads\\\/2018\\\/05\\\/logo_250x95px-Kopie.png\",\"contentUrl\":\"https:\\\/\\\/www.mlc-munich.de\\\/web\\\/wp-content\\\/uploads\\\/2018\\\/05\\\/logo_250x95px-Kopie.png\",\"width\":250,\"height\":95,\"caption\":\"MLC M\u00fcnchner L\u00f6wen Club e.V.\"},\"image\":{\"@id\":\"https:\\\/\\\/www.mlc-munich.de\\\/web\\\/#\\\/schema\\\/logo\\\/image\\\/\"}},{\"@type\":\"Person\",\"@id\":\"https:\\\/\\\/www.mlc-munich.de\\\/web\\\/#\\\/schema\\\/person\\\/8ab46efdd6adab85dc79e46ba23bf666\",\"name\":\"Andreas Bl\u00fcm\",\"image\":{\"@type\":\"ImageObject\",\"inLanguage\":\"de\",\"@id\":\"https:\\\/\\\/secure.gravatar.com\\\/avatar\\\/4911c491b7f433eacb8c9d4ed7cdc1b43c9980887f0b50534ea89397966226ee?s=96&d=mm&r=r\",\"url\":\"https:\\\/\\\/secure.gravatar.com\\\/avatar\\\/4911c491b7f433eacb8c9d4ed7cdc1b43c9980887f0b50534ea89397966226ee?s=96&d=mm&r=r\",\"contentUrl\":\"https:\\\/\\\/secure.gravatar.com\\\/avatar\\\/4911c491b7f433eacb8c9d4ed7cdc1b43c9980887f0b50534ea89397966226ee?s=96&d=mm&r=r\",\"caption\":\"Andreas Bl\u00fcm\"},\"url\":\"https:\\\/\\\/www.mlc-munich.de\\\/web\\\/author\\\/andy\\\/\"}]}<\/script>\n<!-- \/ Yoast SEO plugin. -->","yoast_head_json":{"title":"MLC verabschiedet langj\u00e4hrige Vorst\u00e4nde - Neuer Vorstand will den Traditionsverein in die Zukunft f\u00fchren - MLC M\u00fcnchner L\u00f6wen Club e.V.","robots":{"index":"index","follow":"follow","max-snippet":"max-snippet:-1","max-image-preview":"max-image-preview:large","max-video-preview":"max-video-preview:-1"},"canonical":"https:\/\/www.mlc-munich.de\/web\/mlc-verabschiedet-langjaehrige-vorstaende-neuer-vorstand-will-den-traditionsverein-in-die-zukunft-fuehren\/","og_locale":"de_DE","og_type":"article","og_title":"MLC verabschiedet langj\u00e4hrige Vorst\u00e4nde - Neuer Vorstand will den Traditionsverein in die Zukunft f\u00fchren - MLC M\u00fcnchner L\u00f6wen Club e.V.","og_url":"https:\/\/www.mlc-munich.de\/web\/mlc-verabschiedet-langjaehrige-vorstaende-neuer-vorstand-will-den-traditionsverein-in-die-zukunft-fuehren\/","og_site_name":"MLC M\u00fcnchner L\u00f6wen Club e.V.","article_published_time":"2022-04-25T11:13:43+00:00","article_modified_time":"2022-04-27T12:53:57+00:00","og_image":[{"width":305,"height":240,"url":"https:\/\/www.mlc-munich.de\/web\/wp-content\/uploads\/2022\/04\/HV22_0001-200x200.jpeg","type":"image\/jpeg"}],"author":"Andreas Bl\u00fcm","twitter_card":"summary_large_image","twitter_image":"https:\/\/www.mlc-munich.de\/web\/wp-content\/uploads\/2022\/04\/HV22_0001.jpeg","twitter_misc":{"Verfasst von":"Andreas Bl\u00fcm","Gesch\u00e4tzte Lesezeit":"2\u00a0Minuten"},"schema":{"@context":"https:\/\/schema.org","@graph":[{"@type":"Article","@id":"https:\/\/www.mlc-munich.de\/web\/mlc-verabschiedet-langjaehrige-vorstaende-neuer-vorstand-will-den-traditionsverein-in-die-zukunft-fuehren\/#article","isPartOf":{"@id":"https:\/\/www.mlc-munich.de\/web\/mlc-verabschiedet-langjaehrige-vorstaende-neuer-vorstand-will-den-traditionsverein-in-die-zukunft-fuehren\/"},"author":{"name":"Andreas Bl\u00fcm","@id":"https:\/\/www.mlc-munich.de\/web\/#\/schema\/person\/8ab46efdd6adab85dc79e46ba23bf666"},"headline":"MLC verabschiedet langj\u00e4hrige Vorst\u00e4nde &#8211; Neuer Vorstand will den Traditionsverein in die Zukunft f\u00fchren","datePublished":"2022-04-25T11:13:43+00:00","dateModified":"2022-04-27T12:53:57+00:00","mainEntityOfPage":{"@id":"https:\/\/www.mlc-munich.de\/web\/mlc-verabschiedet-langjaehrige-vorstaende-neuer-vorstand-will-den-traditionsverein-in-die-zukunft-fuehren\/"},"wordCount":758,"publisher":{"@id":"https:\/\/www.mlc-munich.de\/web\/#organization"},"image":{"@id":"https:\/\/www.mlc-munich.de\/web\/mlc-verabschiedet-langjaehrige-vorstaende-neuer-vorstand-will-den-traditionsverein-in-die-zukunft-fuehren\/#primaryimage"},"thumbnailUrl":"https:\/\/www.mlc-munich.de\/web\/wp-content\/uploads\/2022\/04\/IMG_4175.jpg","inLanguage":"de"},{"@type":"WebPage","@id":"https:\/\/www.mlc-munich.de\/web\/mlc-verabschiedet-langjaehrige-vorstaende-neuer-vorstand-will-den-traditionsverein-in-die-zukunft-fuehren\/","url":"https:\/\/www.mlc-munich.de\/web\/mlc-verabschiedet-langjaehrige-vorstaende-neuer-vorstand-will-den-traditionsverein-in-die-zukunft-fuehren\/","name":"MLC verabschiedet langj\u00e4hrige Vorst\u00e4nde - Neuer Vorstand will den Traditionsverein in die Zukunft f\u00fchren - MLC M\u00fcnchner L\u00f6wen Club e.V.","isPartOf":{"@id":"https:\/\/www.mlc-munich.de\/web\/#website"},"primaryImageOfPage":{"@id":"https:\/\/www.mlc-munich.de\/web\/mlc-verabschiedet-langjaehrige-vorstaende-neuer-vorstand-will-den-traditionsverein-in-die-zukunft-fuehren\/#primaryimage"},"image":{"@id":"https:\/\/www.mlc-munich.de\/web\/mlc-verabschiedet-langjaehrige-vorstaende-neuer-vorstand-will-den-traditionsverein-in-die-zukunft-fuehren\/#primaryimage"},"thumbnailUrl":"https:\/\/www.mlc-munich.de\/web\/wp-content\/uploads\/2022\/04\/IMG_4175.jpg","datePublished":"2022-04-25T11:13:43+00:00","dateModified":"2022-04-27T12:53:57+00:00","breadcrumb":{"@id":"https:\/\/www.mlc-munich.de\/web\/mlc-verabschiedet-langjaehrige-vorstaende-neuer-vorstand-will-den-traditionsverein-in-die-zukunft-fuehren\/#breadcrumb"},"inLanguage":"de","potentialAction":[{"@type":"ReadAction","target":["https:\/\/www.mlc-munich.de\/web\/mlc-verabschiedet-langjaehrige-vorstaende-neuer-vorstand-will-den-traditionsverein-in-die-zukunft-fuehren\/"]}]},{"@type":"ImageObject","inLanguage":"de","@id":"https:\/\/www.mlc-munich.de\/web\/mlc-verabschiedet-langjaehrige-vorstaende-neuer-vorstand-will-den-traditionsverein-in-die-zukunft-fuehren\/#primaryimage","url":"https:\/\/www.mlc-munich.de\/web\/wp-content\/uploads\/2022\/04\/IMG_4175.jpg","contentUrl":"https:\/\/www.mlc-munich.de\/web\/wp-content\/uploads\/2022\/04\/IMG_4175.jpg","width":1706,"height":2048},{"@type":"BreadcrumbList","@id":"https:\/\/www.mlc-munich.de\/web\/mlc-verabschiedet-langjaehrige-vorstaende-neuer-vorstand-will-den-traditionsverein-in-die-zukunft-fuehren\/#breadcrumb","itemListElement":[{"@type":"ListItem","position":1,"name":"Startseite","item":"https:\/\/www.mlc-munich.de\/web\/"},{"@type":"ListItem","position":2,"name":"MLC verabschiedet langj\u00e4hrige Vorst\u00e4nde &#8211; Neuer Vorstand will den Traditionsverein in die Zukunft f\u00fchren"}]},{"@type":"WebSite","@id":"https:\/\/www.mlc-munich.de\/web\/#website","url":"https:\/\/www.mlc-munich.de\/web\/","name":"MLC M\u00fcnchner L\u00f6wen Club e.V.","description":"MLC M\u00fcnchner L\u00f6wen Club e.V.","publisher":{"@id":"https:\/\/www.mlc-munich.de\/web\/#organization"},"potentialAction":[{"@type":"SearchAction","target":{"@type":"EntryPoint","urlTemplate":"https:\/\/www.mlc-munich.de\/web\/?s={search_term_string}"},"query-input":{"@type":"PropertyValueSpecification","valueRequired":true,"valueName":"search_term_string"}}],"inLanguage":"de"},{"@type":"Organization","@id":"https:\/\/www.mlc-munich.de\/web\/#organization","name":"MLC M\u00fcnchner L\u00f6wen Club e.V.","url":"https:\/\/www.mlc-munich.de\/web\/","logo":{"@type":"ImageObject","inLanguage":"de","@id":"https:\/\/www.mlc-munich.de\/web\/#\/schema\/logo\/image\/","url":"https:\/\/www.mlc-munich.de\/web\/wp-content\/uploads\/2018\/05\/logo_250x95px-Kopie.png","contentUrl":"https:\/\/www.mlc-munich.de\/web\/wp-content\/uploads\/2018\/05\/logo_250x95px-Kopie.png","width":250,"height":95,"caption":"MLC M\u00fcnchner L\u00f6wen Club e.V."},"image":{"@id":"https:\/\/www.mlc-munich.de\/web\/#\/schema\/logo\/image\/"}},{"@type":"Person","@id":"https:\/\/www.mlc-munich.de\/web\/#\/schema\/person\/8ab46efdd6adab85dc79e46ba23bf666","name":"Andreas Bl\u00fcm","image":{"@type":"ImageObject","inLanguage":"de","@id":"https:\/\/secure.gravatar.com\/avatar\/4911c491b7f433eacb8c9d4ed7cdc1b43c9980887f0b50534ea89397966226ee?s=96&d=mm&r=r","url":"https:\/\/secure.gravatar.com\/avatar\/4911c491b7f433eacb8c9d4ed7cdc1b43c9980887f0b50534ea89397966226ee?s=96&d=mm&r=r","contentUrl":"https:\/\/secure.gravatar.com\/avatar\/4911c491b7f433eacb8c9d4ed7cdc1b43c9980887f0b50534ea89397966226ee?s=96&d=mm&r=r","caption":"Andreas Bl\u00fcm"},"url":"https:\/\/www.mlc-munich.de\/web\/author\/andy\/"}]}},"_links":{"self":[{"href":"https:\/\/www.mlc-munich.de\/web\/wp-json\/wp\/v2\/posts\/4935","targetHints":{"allow":["GET"]}}],"collection":[{"href":"https:\/\/www.mlc-munich.de\/web\/wp-json\/wp\/v2\/posts"}],"about":[{"href":"https:\/\/www.mlc-munich.de\/web\/wp-json\/wp\/v2\/types\/post"}],"author":[{"embeddable":true,"href":"https:\/\/www.mlc-munich.de\/web\/wp-json\/wp\/v2\/users\/2"}],"replies":[{"embeddable":true,"href":"https:\/\/www.mlc-munich.de\/web\/wp-json\/wp\/v2\/comments?post=4935"}],"version-history":[{"count":6,"href":"https:\/\/www.mlc-munich.de\/web\/wp-json\/wp\/v2\/posts\/4935\/revisions"}],"predecessor-version":[{"id":4964,"href":"https:\/\/www.mlc-munich.de\/web\/wp-json\/wp\/v2\/posts\/4935\/revisions\/4964"}],"wp:featuredmedia":[{"embeddable":true,"href":"https:\/\/www.mlc-munich.de\/web\/wp-json\/wp\/v2\/media\/4959"}],"wp:attachment":[{"href":"https:\/\/www.mlc-munich.de\/web\/wp-json\/wp\/v2\/media?parent=4935"}],"wp:term":[{"taxonomy":"category","embeddable":true,"href":"https:\/\/www.mlc-munich.de\/web\/wp-json\/wp\/v2\/categories?post=4935"},{"taxonomy":"post_tag","embeddable":true,"href":"https:\/\/www.mlc-munich.de\/web\/wp-json\/wp\/v2\/tags?post=4935"}],"curies":[{"name":"wp","href":"https:\/\/api.w.org\/{rel}","templated":true}]}}