{"id":5237,"date":"2022-06-27T13:19:31","date_gmt":"2022-06-27T11:19:31","guid":{"rendered":"https:\/\/www.mlc-munich.de\/web\/?p=5237"},"modified":"2022-06-27T13:23:44","modified_gmt":"2022-06-27T11:23:44","slug":"das-mlc-fetish-summer-weekend-war-heiss","status":"publish","type":"post","link":"https:\/\/www.mlc-munich.de\/web\/das-mlc-fetish-summer-weekend-war-heiss\/","title":{"rendered":"Das MLC Fetish Summer Weekend war hei\u00df!"},"content":{"rendered":"<p><strong>Liebe Mitglieder und Freunde des MLC,<\/strong><br \/>\n<strong>was f\u00fcr ein hei\u00dfes Wochenende liegt hinter uns\u2026!<\/strong><\/p>\n<p>Wir gratulieren unserem neuen Bavarian Mr. Leather, Eddy, w\u00fcnschen ihm f\u00fcr seine Amtszeit alles Gute und dass es so hei\u00df weitergeht!<br \/>\nUnser besonderer Dank gilt dem first runner up, Hendrik, f\u00fcr einen spannenden Wettbewerb und nat\u00fcrlich Benji, dem Bavarian Mr. Leather 2020 und 2021 f\u00fcr eine au\u00dfergew\u00f6hnliche, erfolgreiche Amtszeit.<\/p>\n<p>Nicht zuletzt danken wir allen flei\u00dfigen Helfern und euch, den Mitgliedern und Freunden des MLC, f\u00fcr tolle Stimmung, geile Parties und jede Menge Spa\u00df an diesem Wochenende. Zudem auch ein Dank an unseren Sponsor: SpeXter!<br \/>\nF\u00fcr uns, den neuen Vorstand, war das Fetish Summer Weekend eine Feuertaufe und wir freuen uns sehr, dass ihr dieses neue Event so super angenommen und zu einem tollen Erfolg gemacht habt!<br \/>\nWer wei\u00df, vielleicht feiern wir ja auch in 2023 gemeinsam wieder ein MLC Fetish Summer Weekend\u2026<\/p>\n<p>Bis bald im UnderGround, beim Clubabend und nat\u00fcrlich bei unserem n\u00e4chsten Event, dem Wandertag, unserem Grillfest oder dem CSD mit der Politparade und CSD-Party am 16.07.2022.<\/p>\n<p><strong>Euer Vorstand<\/strong><br \/>\n<strong>Benjamin, Martin und Curtis.<\/strong><\/p>\n\n\t\t<style type=\"text\/css\">\n\t\t\t#gallery-1 {\n\t\t\t\tmargin: auto;\n\t\t\t}\n\t\t\t#gallery-1 .gallery-item {\n\t\t\t\tfloat: left;\n\t\t\t\tmargin-top: 10px;\n\t\t\t\ttext-align: center;\n\t\t\t\twidth: 33%;\n\t\t\t}\n\t\t\t#gallery-1 img {\n\t\t\t\tborder: 2px solid #cfcfcf;\n\t\t\t}\n\t\t\t#gallery-1 .gallery-caption {\n\t\t\t\tmargin-left: 0;\n\t\t\t}\n\t\t\t\/* see gallery_shortcode() in wp-includes\/media.php *\/\n\t\t<\/style>\n\t\t<div id='gallery-1' class='gallery galleryid-5237 gallery-columns-3 gallery-size-medium'><dl class='gallery-item'>\n\t\t\t<dt class='gallery-icon landscape'>\n\t\t\t\t<a href='https:\/\/www.mlc-munich.de\/web\/wp-content\/uploads\/2022\/06\/DSC_0421-1-scaled.jpg'><img loading=\"lazy\" decoding=\"async\" width=\"600\" height=\"397\" src=\"https:\/\/www.mlc-munich.de\/web\/wp-content\/uploads\/2022\/06\/DSC_0421-1-600x397.jpg\" class=\"attachment-medium size-medium\" alt=\"\" srcset=\"https:\/\/www.mlc-munich.de\/web\/wp-content\/uploads\/2022\/06\/DSC_0421-1-600x397.jpg 600w, https:\/\/www.mlc-munich.de\/web\/wp-content\/uploads\/2022\/06\/DSC_0421-1-2000x1325.jpg 2000w, https:\/\/www.mlc-munich.de\/web\/wp-content\/uploads\/2022\/06\/DSC_0421-1-768x509.jpg 768w, https:\/\/www.mlc-munich.de\/web\/wp-content\/uploads\/2022\/06\/DSC_0421-1-1536x1017.jpg 1536w, https:\/\/www.mlc-munich.de\/web\/wp-content\/uploads\/2022\/06\/DSC_0421-1-2048x1356.jpg 2048w\" sizes=\"auto, (max-width: 600px) 100vw, 600px\" \/><\/a>\n\t\t\t<\/dt><\/dl><dl class='gallery-item'>\n\t\t\t<dt class='gallery-icon landscape'>\n\t\t\t\t<a href='https:\/\/www.mlc-munich.de\/web\/wp-content\/uploads\/2022\/06\/DSC_0471-scaled.jpg'><img loading=\"lazy\" decoding=\"async\" width=\"600\" height=\"397\" src=\"https:\/\/www.mlc-munich.de\/web\/wp-content\/uploads\/2022\/06\/DSC_0471-600x397.jpg\" class=\"attachment-medium size-medium\" alt=\"\" srcset=\"https:\/\/www.mlc-munich.de\/web\/wp-content\/uploads\/2022\/06\/DSC_0471-600x397.jpg 600w, https:\/\/www.mlc-munich.de\/web\/wp-content\/uploads\/2022\/06\/DSC_0471-2000x1325.jpg 2000w, https:\/\/www.mlc-munich.de\/web\/wp-content\/uploads\/2022\/06\/DSC_0471-768x509.jpg 768w, https:\/\/www.mlc-munich.de\/web\/wp-content\/uploads\/2022\/06\/DSC_0471-1536x1017.jpg 1536w, https:\/\/www.mlc-munich.de\/web\/wp-content\/uploads\/2022\/06\/DSC_0471-2048x1356.jpg 2048w\" sizes=\"auto, (max-width: 600px) 100vw, 600px\" \/><\/a>\n\t\t\t<\/dt><\/dl><dl class='gallery-item'>\n\t\t\t<dt class='gallery-icon landscape'>\n\t\t\t\t<a href='https:\/\/www.mlc-munich.de\/web\/wp-content\/uploads\/2022\/06\/DSC_0566-scaled.jpg'><img loading=\"lazy\" decoding=\"async\" width=\"600\" height=\"397\" src=\"https:\/\/www.mlc-munich.de\/web\/wp-content\/uploads\/2022\/06\/DSC_0566-600x397.jpg\" class=\"attachment-medium size-medium\" alt=\"\" srcset=\"https:\/\/www.mlc-munich.de\/web\/wp-content\/uploads\/2022\/06\/DSC_0566-600x397.jpg 600w, https:\/\/www.mlc-munich.de\/web\/wp-content\/uploads\/2022\/06\/DSC_0566-2000x1325.jpg 2000w, https:\/\/www.mlc-munich.de\/web\/wp-content\/uploads\/2022\/06\/DSC_0566-768x509.jpg 768w, https:\/\/www.mlc-munich.de\/web\/wp-content\/uploads\/2022\/06\/DSC_0566-1536x1017.jpg 1536w, https:\/\/www.mlc-munich.de\/web\/wp-content\/uploads\/2022\/06\/DSC_0566-2048x1356.jpg 2048w\" sizes=\"auto, (max-width: 600px) 100vw, 600px\" \/><\/a>\n\t\t\t<\/dt><\/dl><br style=\"clear: both\" \/><dl class='gallery-item'>\n\t\t\t<dt class='gallery-icon landscape'>\n\t\t\t\t<a href='https:\/\/www.mlc-munich.de\/web\/wp-content\/uploads\/2022\/06\/DSC_0640-scaled.jpg'><img loading=\"lazy\" decoding=\"async\" width=\"600\" height=\"397\" src=\"https:\/\/www.mlc-munich.de\/web\/wp-content\/uploads\/2022\/06\/DSC_0640-600x397.jpg\" class=\"attachment-medium size-medium\" alt=\"\" srcset=\"https:\/\/www.mlc-munich.de\/web\/wp-content\/uploads\/2022\/06\/DSC_0640-600x397.jpg 600w, https:\/\/www.mlc-munich.de\/web\/wp-content\/uploads\/2022\/06\/DSC_0640-2000x1325.jpg 2000w, https:\/\/www.mlc-munich.de\/web\/wp-content\/uploads\/2022\/06\/DSC_0640-768x509.jpg 768w, https:\/\/www.mlc-munich.de\/web\/wp-content\/uploads\/2022\/06\/DSC_0640-1536x1017.jpg 1536w, https:\/\/www.mlc-munich.de\/web\/wp-content\/uploads\/2022\/06\/DSC_0640-2048x1356.jpg 2048w\" sizes=\"auto, (max-width: 600px) 100vw, 600px\" \/><\/a>\n\t\t\t<\/dt><\/dl><dl class='gallery-item'>\n\t\t\t<dt class='gallery-icon landscape'>\n\t\t\t\t<a href='https:\/\/www.mlc-munich.de\/web\/wp-content\/uploads\/2022\/06\/DSC_0779-scaled.jpg'><img loading=\"lazy\" decoding=\"async\" width=\"600\" height=\"397\" src=\"https:\/\/www.mlc-munich.de\/web\/wp-content\/uploads\/2022\/06\/DSC_0779-600x397.jpg\" class=\"attachment-medium size-medium\" alt=\"\" srcset=\"https:\/\/www.mlc-munich.de\/web\/wp-content\/uploads\/2022\/06\/DSC_0779-600x397.jpg 600w, https:\/\/www.mlc-munich.de\/web\/wp-content\/uploads\/2022\/06\/DSC_0779-2000x1325.jpg 2000w, https:\/\/www.mlc-munich.de\/web\/wp-content\/uploads\/2022\/06\/DSC_0779-768x509.jpg 768w, https:\/\/www.mlc-munich.de\/web\/wp-content\/uploads\/2022\/06\/DSC_0779-1536x1017.jpg 1536w, https:\/\/www.mlc-munich.de\/web\/wp-content\/uploads\/2022\/06\/DSC_0779-2048x1356.jpg 2048w\" sizes=\"auto, (max-width: 600px) 100vw, 600px\" \/><\/a>\n\t\t\t<\/dt><\/dl><dl class='gallery-item'>\n\t\t\t<dt class='gallery-icon landscape'>\n\t\t\t\t<a href='https:\/\/www.mlc-munich.de\/web\/wp-content\/uploads\/2022\/06\/DSC_0920-scaled.jpg'><img loading=\"lazy\" decoding=\"async\" width=\"600\" height=\"397\" src=\"https:\/\/www.mlc-munich.de\/web\/wp-content\/uploads\/2022\/06\/DSC_0920-600x397.jpg\" class=\"attachment-medium size-medium\" alt=\"\" srcset=\"https:\/\/www.mlc-munich.de\/web\/wp-content\/uploads\/2022\/06\/DSC_0920-600x397.jpg 600w, https:\/\/www.mlc-munich.de\/web\/wp-content\/uploads\/2022\/06\/DSC_0920-2000x1325.jpg 2000w, https:\/\/www.mlc-munich.de\/web\/wp-content\/uploads\/2022\/06\/DSC_0920-768x509.jpg 768w, https:\/\/www.mlc-munich.de\/web\/wp-content\/uploads\/2022\/06\/DSC_0920-1536x1017.jpg 1536w, https:\/\/www.mlc-munich.de\/web\/wp-content\/uploads\/2022\/06\/DSC_0920-2048x1356.jpg 2048w\" sizes=\"auto, (max-width: 600px) 100vw, 600px\" \/><\/a>\n\t\t\t<\/dt><\/dl><br style=\"clear: both\" \/><dl class='gallery-item'>\n\t\t\t<dt class='gallery-icon landscape'>\n\t\t\t\t<a href='https:\/\/www.mlc-munich.de\/web\/wp-content\/uploads\/2022\/06\/DSC_0487-1-scaled.jpg'><img loading=\"lazy\" decoding=\"async\" width=\"600\" height=\"397\" src=\"https:\/\/www.mlc-munich.de\/web\/wp-content\/uploads\/2022\/06\/DSC_0487-1-600x397.jpg\" class=\"attachment-medium size-medium\" alt=\"\" srcset=\"https:\/\/www.mlc-munich.de\/web\/wp-content\/uploads\/2022\/06\/DSC_0487-1-600x397.jpg 600w, https:\/\/www.mlc-munich.de\/web\/wp-content\/uploads\/2022\/06\/DSC_0487-1-2000x1325.jpg 2000w, https:\/\/www.mlc-munich.de\/web\/wp-content\/uploads\/2022\/06\/DSC_0487-1-768x509.jpg 768w, https:\/\/www.mlc-munich.de\/web\/wp-content\/uploads\/2022\/06\/DSC_0487-1-1536x1017.jpg 1536w, https:\/\/www.mlc-munich.de\/web\/wp-content\/uploads\/2022\/06\/DSC_0487-1-2048x1356.jpg 2048w\" sizes=\"auto, (max-width: 600px) 100vw, 600px\" \/><\/a>\n\t\t\t<\/dt><\/dl><dl class='gallery-item'>\n\t\t\t<dt class='gallery-icon landscape'>\n\t\t\t\t<a href='https:\/\/www.mlc-munich.de\/web\/wp-content\/uploads\/2022\/06\/DSC_0557-1-scaled.jpg'><img loading=\"lazy\" decoding=\"async\" width=\"600\" height=\"397\" src=\"https:\/\/www.mlc-munich.de\/web\/wp-content\/uploads\/2022\/06\/DSC_0557-1-600x397.jpg\" class=\"attachment-medium size-medium\" alt=\"\" srcset=\"https:\/\/www.mlc-munich.de\/web\/wp-content\/uploads\/2022\/06\/DSC_0557-1-600x397.jpg 600w, https:\/\/www.mlc-munich.de\/web\/wp-content\/uploads\/2022\/06\/DSC_0557-1-2000x1325.jpg 2000w, https:\/\/www.mlc-munich.de\/web\/wp-content\/uploads\/2022\/06\/DSC_0557-1-768x509.jpg 768w, https:\/\/www.mlc-munich.de\/web\/wp-content\/uploads\/2022\/06\/DSC_0557-1-1536x1017.jpg 1536w, https:\/\/www.mlc-munich.de\/web\/wp-content\/uploads\/2022\/06\/DSC_0557-1-2048x1356.jpg 2048w\" sizes=\"auto, (max-width: 600px) 100vw, 600px\" \/><\/a>\n\t\t\t<\/dt><\/dl><dl class='gallery-item'>\n\t\t\t<dt class='gallery-icon landscape'>\n\t\t\t\t<a href='https:\/\/www.mlc-munich.de\/web\/wp-content\/uploads\/2022\/06\/DSC_0594-scaled.jpg'><img loading=\"lazy\" decoding=\"async\" width=\"600\" height=\"397\" src=\"https:\/\/www.mlc-munich.de\/web\/wp-content\/uploads\/2022\/06\/DSC_0594-600x397.jpg\" class=\"attachment-medium size-medium\" alt=\"\" srcset=\"https:\/\/www.mlc-munich.de\/web\/wp-content\/uploads\/2022\/06\/DSC_0594-600x397.jpg 600w, https:\/\/www.mlc-munich.de\/web\/wp-content\/uploads\/2022\/06\/DSC_0594-2000x1325.jpg 2000w, https:\/\/www.mlc-munich.de\/web\/wp-content\/uploads\/2022\/06\/DSC_0594-768x509.jpg 768w, https:\/\/www.mlc-munich.de\/web\/wp-content\/uploads\/2022\/06\/DSC_0594-1536x1017.jpg 1536w, https:\/\/www.mlc-munich.de\/web\/wp-content\/uploads\/2022\/06\/DSC_0594-2048x1356.jpg 2048w\" sizes=\"auto, (max-width: 600px) 100vw, 600px\" \/><\/a>\n\t\t\t<\/dt><\/dl><br style=\"clear: both\" \/><dl class='gallery-item'>\n\t\t\t<dt class='gallery-icon landscape'>\n\t\t\t\t<a href='https:\/\/www.mlc-munich.de\/web\/wp-content\/uploads\/2022\/06\/DSC_0638-scaled.jpg'><img loading=\"lazy\" decoding=\"async\" width=\"600\" height=\"397\" src=\"https:\/\/www.mlc-munich.de\/web\/wp-content\/uploads\/2022\/06\/DSC_0638-600x397.jpg\" class=\"attachment-medium size-medium\" alt=\"\" srcset=\"https:\/\/www.mlc-munich.de\/web\/wp-content\/uploads\/2022\/06\/DSC_0638-600x397.jpg 600w, https:\/\/www.mlc-munich.de\/web\/wp-content\/uploads\/2022\/06\/DSC_0638-2000x1325.jpg 2000w, https:\/\/www.mlc-munich.de\/web\/wp-content\/uploads\/2022\/06\/DSC_0638-768x509.jpg 768w, https:\/\/www.mlc-munich.de\/web\/wp-content\/uploads\/2022\/06\/DSC_0638-1536x1017.jpg 1536w, https:\/\/www.mlc-munich.de\/web\/wp-content\/uploads\/2022\/06\/DSC_0638-2048x1356.jpg 2048w\" sizes=\"auto, (max-width: 600px) 100vw, 600px\" \/><\/a>\n\t\t\t<\/dt><\/dl><dl class='gallery-item'>\n\t\t\t<dt class='gallery-icon landscape'>\n\t\t\t\t<a href='https:\/\/www.mlc-munich.de\/web\/wp-content\/uploads\/2022\/06\/DSC_0896-scaled.jpg'><img loading=\"lazy\" decoding=\"async\" width=\"600\" height=\"397\" src=\"https:\/\/www.mlc-munich.de\/web\/wp-content\/uploads\/2022\/06\/DSC_0896-600x397.jpg\" class=\"attachment-medium size-medium\" alt=\"\" srcset=\"https:\/\/www.mlc-munich.de\/web\/wp-content\/uploads\/2022\/06\/DSC_0896-600x397.jpg 600w, https:\/\/www.mlc-munich.de\/web\/wp-content\/uploads\/2022\/06\/DSC_0896-2000x1325.jpg 2000w, https:\/\/www.mlc-munich.de\/web\/wp-content\/uploads\/2022\/06\/DSC_0896-768x509.jpg 768w, https:\/\/www.mlc-munich.de\/web\/wp-content\/uploads\/2022\/06\/DSC_0896-1536x1017.jpg 1536w, https:\/\/www.mlc-munich.de\/web\/wp-content\/uploads\/2022\/06\/DSC_0896-2048x1356.jpg 2048w\" sizes=\"auto, (max-width: 600px) 100vw, 600px\" \/><\/a>\n\t\t\t<\/dt><\/dl><dl class='gallery-item'>\n\t\t\t<dt class='gallery-icon landscape'>\n\t\t\t\t<a href='https:\/\/www.mlc-munich.de\/web\/wp-content\/uploads\/2022\/06\/DSC_0898-scaled.jpg'><img loading=\"lazy\" decoding=\"async\" width=\"600\" height=\"397\" src=\"https:\/\/www.mlc-munich.de\/web\/wp-content\/uploads\/2022\/06\/DSC_0898-600x397.jpg\" class=\"attachment-medium size-medium\" alt=\"\" srcset=\"https:\/\/www.mlc-munich.de\/web\/wp-content\/uploads\/2022\/06\/DSC_0898-600x397.jpg 600w, https:\/\/www.mlc-munich.de\/web\/wp-content\/uploads\/2022\/06\/DSC_0898-2000x1325.jpg 2000w, https:\/\/www.mlc-munich.de\/web\/wp-content\/uploads\/2022\/06\/DSC_0898-768x509.jpg 768w, https:\/\/www.mlc-munich.de\/web\/wp-content\/uploads\/2022\/06\/DSC_0898-1536x1017.jpg 1536w, https:\/\/www.mlc-munich.de\/web\/wp-content\/uploads\/2022\/06\/DSC_0898-2048x1356.jpg 2048w\" sizes=\"auto, (max-width: 600px) 100vw, 600px\" \/><\/a>\n\t\t\t<\/dt><\/dl><br style=\"clear: both\" \/>\n\t\t<\/div>\n\n","protected":false},"excerpt":{"rendered":"<p>Liebe Mitglieder und Freunde des MLC, was f\u00fcr ein hei\u00dfes Wochenende liegt hinter uns\u2026! Wir gratulieren unserem neuen Bavarian Mr. Leather, Eddy, w\u00fcnschen ihm f\u00fcr seine Amtszeit alles Gute und dass es so hei\u00df weitergeht! Unser besonderer Dank gilt dem first runner up, Hendrik, f\u00fcr einen spannenden Wettbewerb und nat\u00fcrlich Benji, dem Bavarian Mr. Leather 2020 und 2021 f\u00fcr eine au\u00dfergew\u00f6hnliche, erfolgreiche Amtszeit. Nicht zuletzt danken wir allen flei\u00dfigen Helfern und euch, den Mitgliedern und Freunden des MLC, f\u00fcr tolle [&hellip;]<\/p>\n","protected":false},"author":2,"featured_media":5238,"comment_status":"closed","ping_status":"closed","sticky":false,"template":"","format":"standard","meta":{"footnotes":""},"categories":[1],"tags":[],"class_list":["post-5237","post","type-post","status-publish","format-standard","has-post-thumbnail","hentry","category-allgemein","post-with-thumbnail","post-with-thumbnail-icon"],"translation":{"provider":"WPGlobus","version":"3.0.2","language":"de","enabled_languages":["de","en"],"languages":{"de":{"title":true,"content":true,"excerpt":false},"en":{"title":false,"content":false,"excerpt":false}}},"yoast_head":"<!-- This site is optimized with the Yoast SEO plugin v27.4 - https:\/\/yoast.com\/product\/yoast-seo-wordpress\/ -->\n<title>Das MLC Fetish Summer Weekend war hei\u00df! - MLC M\u00fcnchner L\u00f6wen Club e.V.<\/title>\n<meta name=\"robots\" content=\"index, follow, max-snippet:-1, max-image-preview:large, max-video-preview:-1\" \/>\n<link rel=\"canonical\" href=\"https:\/\/www.mlc-munich.de\/web\/das-mlc-fetish-summer-weekend-war-heiss\/\" \/>\n<meta property=\"og:locale\" content=\"de_DE\" \/>\n<meta property=\"og:type\" content=\"article\" \/>\n<meta property=\"og:title\" content=\"Das MLC Fetish Summer Weekend war hei\u00df! - MLC M\u00fcnchner L\u00f6wen Club e.V.\" \/>\n<meta property=\"og:url\" content=\"https:\/\/www.mlc-munich.de\/web\/das-mlc-fetish-summer-weekend-war-heiss\/\" \/>\n<meta property=\"og:site_name\" content=\"MLC M\u00fcnchner L\u00f6wen Club e.V.\" \/>\n<meta property=\"article:published_time\" content=\"2022-06-27T11:19:31+00:00\" \/>\n<meta property=\"article:modified_time\" content=\"2022-06-27T11:23:44+00:00\" \/>\n<meta property=\"og:image\" content=\"https:\/\/www.mlc-munich.de\/web\/wp-content\/uploads\/2022\/06\/DSC_0858-scaled.jpg\" \/>\n\t<meta property=\"og:image:width\" content=\"2560\" \/>\n\t<meta property=\"og:image:height\" content=\"1696\" \/>\n\t<meta property=\"og:image:type\" content=\"image\/jpeg\" \/>\n<meta name=\"author\" content=\"Andreas Bl\u00fcm\" \/>\n<meta name=\"twitter:card\" content=\"summary_large_image\" \/>\n<meta name=\"twitter:label1\" content=\"Verfasst von\" \/>\n\t<meta name=\"twitter:data1\" content=\"Andreas Bl\u00fcm\" \/>\n\t<meta name=\"twitter:label2\" content=\"Gesch\u00e4tzte Lesezeit\" \/>\n\t<meta name=\"twitter:data2\" content=\"1\u00a0Minute\" \/>\n<script type=\"application\/ld+json\" class=\"yoast-schema-graph\">{\"@context\":\"https:\\\/\\\/schema.org\",\"@graph\":[{\"@type\":\"Article\",\"@id\":\"https:\\\/\\\/www.mlc-munich.de\\\/web\\\/das-mlc-fetish-summer-weekend-war-heiss\\\/#article\",\"isPartOf\":{\"@id\":\"https:\\\/\\\/www.mlc-munich.de\\\/web\\\/das-mlc-fetish-summer-weekend-war-heiss\\\/\"},\"author\":{\"name\":\"Andreas Bl\u00fcm\",\"@id\":\"https:\\\/\\\/www.mlc-munich.de\\\/web\\\/#\\\/schema\\\/person\\\/8ab46efdd6adab85dc79e46ba23bf666\"},\"headline\":\"Das MLC Fetish Summer Weekend war hei\u00df!\",\"datePublished\":\"2022-06-27T11:19:31+00:00\",\"dateModified\":\"2022-06-27T11:23:44+00:00\",\"mainEntityOfPage\":{\"@id\":\"https:\\\/\\\/www.mlc-munich.de\\\/web\\\/das-mlc-fetish-summer-weekend-war-heiss\\\/\"},\"wordCount\":201,\"publisher\":{\"@id\":\"https:\\\/\\\/www.mlc-munich.de\\\/web\\\/#organization\"},\"image\":{\"@id\":\"https:\\\/\\\/www.mlc-munich.de\\\/web\\\/das-mlc-fetish-summer-weekend-war-heiss\\\/#primaryimage\"},\"thumbnailUrl\":\"https:\\\/\\\/www.mlc-munich.de\\\/web\\\/wp-content\\\/uploads\\\/2022\\\/06\\\/DSC_0858-scaled.jpg\",\"inLanguage\":\"de\"},{\"@type\":\"WebPage\",\"@id\":\"https:\\\/\\\/www.mlc-munich.de\\\/web\\\/das-mlc-fetish-summer-weekend-war-heiss\\\/\",\"url\":\"https:\\\/\\\/www.mlc-munich.de\\\/web\\\/das-mlc-fetish-summer-weekend-war-heiss\\\/\",\"name\":\"Das MLC Fetish Summer Weekend war hei\u00df! - MLC M\u00fcnchner L\u00f6wen Club e.V.\",\"isPartOf\":{\"@id\":\"https:\\\/\\\/www.mlc-munich.de\\\/web\\\/#website\"},\"primaryImageOfPage\":{\"@id\":\"https:\\\/\\\/www.mlc-munich.de\\\/web\\\/das-mlc-fetish-summer-weekend-war-heiss\\\/#primaryimage\"},\"image\":{\"@id\":\"https:\\\/\\\/www.mlc-munich.de\\\/web\\\/das-mlc-fetish-summer-weekend-war-heiss\\\/#primaryimage\"},\"thumbnailUrl\":\"https:\\\/\\\/www.mlc-munich.de\\\/web\\\/wp-content\\\/uploads\\\/2022\\\/06\\\/DSC_0858-scaled.jpg\",\"datePublished\":\"2022-06-27T11:19:31+00:00\",\"dateModified\":\"2022-06-27T11:23:44+00:00\",\"breadcrumb\":{\"@id\":\"https:\\\/\\\/www.mlc-munich.de\\\/web\\\/das-mlc-fetish-summer-weekend-war-heiss\\\/#breadcrumb\"},\"inLanguage\":\"de\",\"potentialAction\":[{\"@type\":\"ReadAction\",\"target\":[\"https:\\\/\\\/www.mlc-munich.de\\\/web\\\/das-mlc-fetish-summer-weekend-war-heiss\\\/\"]}]},{\"@type\":\"ImageObject\",\"inLanguage\":\"de\",\"@id\":\"https:\\\/\\\/www.mlc-munich.de\\\/web\\\/das-mlc-fetish-summer-weekend-war-heiss\\\/#primaryimage\",\"url\":\"https:\\\/\\\/www.mlc-munich.de\\\/web\\\/wp-content\\\/uploads\\\/2022\\\/06\\\/DSC_0858-scaled.jpg\",\"contentUrl\":\"https:\\\/\\\/www.mlc-munich.de\\\/web\\\/wp-content\\\/uploads\\\/2022\\\/06\\\/DSC_0858-scaled.jpg\",\"width\":2560,\"height\":1696},{\"@type\":\"BreadcrumbList\",\"@id\":\"https:\\\/\\\/www.mlc-munich.de\\\/web\\\/das-mlc-fetish-summer-weekend-war-heiss\\\/#breadcrumb\",\"itemListElement\":[{\"@type\":\"ListItem\",\"position\":1,\"name\":\"Startseite\",\"item\":\"https:\\\/\\\/www.mlc-munich.de\\\/web\\\/\"},{\"@type\":\"ListItem\",\"position\":2,\"name\":\"Das MLC Fetish Summer Weekend war hei\u00df!\"}]},{\"@type\":\"WebSite\",\"@id\":\"https:\\\/\\\/www.mlc-munich.de\\\/web\\\/#website\",\"url\":\"https:\\\/\\\/www.mlc-munich.de\\\/web\\\/\",\"name\":\"MLC M\u00fcnchner L\u00f6wen Club e.V.\",\"description\":\"MLC M\u00fcnchner L\u00f6wen Club e.V.\",\"publisher\":{\"@id\":\"https:\\\/\\\/www.mlc-munich.de\\\/web\\\/#organization\"},\"potentialAction\":[{\"@type\":\"SearchAction\",\"target\":{\"@type\":\"EntryPoint\",\"urlTemplate\":\"https:\\\/\\\/www.mlc-munich.de\\\/web\\\/?s={search_term_string}\"},\"query-input\":{\"@type\":\"PropertyValueSpecification\",\"valueRequired\":true,\"valueName\":\"search_term_string\"}}],\"inLanguage\":\"de\"},{\"@type\":\"Organization\",\"@id\":\"https:\\\/\\\/www.mlc-munich.de\\\/web\\\/#organization\",\"name\":\"MLC M\u00fcnchner L\u00f6wen Club e.V.\",\"url\":\"https:\\\/\\\/www.mlc-munich.de\\\/web\\\/\",\"logo\":{\"@type\":\"ImageObject\",\"inLanguage\":\"de\",\"@id\":\"https:\\\/\\\/www.mlc-munich.de\\\/web\\\/#\\\/schema\\\/logo\\\/image\\\/\",\"url\":\"https:\\\/\\\/www.mlc-munich.de\\\/web\\\/wp-content\\\/uploads\\\/2018\\\/05\\\/logo_250x95px-Kopie.png\",\"contentUrl\":\"https:\\\/\\\/www.mlc-munich.de\\\/web\\\/wp-content\\\/uploads\\\/2018\\\/05\\\/logo_250x95px-Kopie.png\",\"width\":250,\"height\":95,\"caption\":\"MLC M\u00fcnchner L\u00f6wen Club e.V.\"},\"image\":{\"@id\":\"https:\\\/\\\/www.mlc-munich.de\\\/web\\\/#\\\/schema\\\/logo\\\/image\\\/\"}},{\"@type\":\"Person\",\"@id\":\"https:\\\/\\\/www.mlc-munich.de\\\/web\\\/#\\\/schema\\\/person\\\/8ab46efdd6adab85dc79e46ba23bf666\",\"name\":\"Andreas Bl\u00fcm\",\"image\":{\"@type\":\"ImageObject\",\"inLanguage\":\"de\",\"@id\":\"https:\\\/\\\/secure.gravatar.com\\\/avatar\\\/4911c491b7f433eacb8c9d4ed7cdc1b43c9980887f0b50534ea89397966226ee?s=96&d=mm&r=r\",\"url\":\"https:\\\/\\\/secure.gravatar.com\\\/avatar\\\/4911c491b7f433eacb8c9d4ed7cdc1b43c9980887f0b50534ea89397966226ee?s=96&d=mm&r=r\",\"contentUrl\":\"https:\\\/\\\/secure.gravatar.com\\\/avatar\\\/4911c491b7f433eacb8c9d4ed7cdc1b43c9980887f0b50534ea89397966226ee?s=96&d=mm&r=r\",\"caption\":\"Andreas Bl\u00fcm\"},\"url\":\"https:\\\/\\\/www.mlc-munich.de\\\/web\\\/author\\\/andy\\\/\"}]}<\/script>\n<!-- \/ Yoast SEO plugin. -->","yoast_head_json":{"title":"Das MLC Fetish Summer Weekend war hei\u00df! - MLC M\u00fcnchner L\u00f6wen Club e.V.","robots":{"index":"index","follow":"follow","max-snippet":"max-snippet:-1","max-image-preview":"max-image-preview:large","max-video-preview":"max-video-preview:-1"},"canonical":"https:\/\/www.mlc-munich.de\/web\/das-mlc-fetish-summer-weekend-war-heiss\/","og_locale":"de_DE","og_type":"article","og_title":"Das MLC Fetish Summer Weekend war hei\u00df! - MLC M\u00fcnchner L\u00f6wen Club e.V.","og_url":"https:\/\/www.mlc-munich.de\/web\/das-mlc-fetish-summer-weekend-war-heiss\/","og_site_name":"MLC M\u00fcnchner L\u00f6wen Club e.V.","article_published_time":"2022-06-27T11:19:31+00:00","article_modified_time":"2022-06-27T11:23:44+00:00","og_image":[{"width":2560,"height":1696,"url":"https:\/\/www.mlc-munich.de\/web\/wp-content\/uploads\/2022\/06\/DSC_0858-scaled.jpg","type":"image\/jpeg"}],"author":"Andreas Bl\u00fcm","twitter_card":"summary_large_image","twitter_misc":{"Verfasst von":"Andreas Bl\u00fcm","Gesch\u00e4tzte Lesezeit":"1\u00a0Minute"},"schema":{"@context":"https:\/\/schema.org","@graph":[{"@type":"Article","@id":"https:\/\/www.mlc-munich.de\/web\/das-mlc-fetish-summer-weekend-war-heiss\/#article","isPartOf":{"@id":"https:\/\/www.mlc-munich.de\/web\/das-mlc-fetish-summer-weekend-war-heiss\/"},"author":{"name":"Andreas Bl\u00fcm","@id":"https:\/\/www.mlc-munich.de\/web\/#\/schema\/person\/8ab46efdd6adab85dc79e46ba23bf666"},"headline":"Das MLC Fetish Summer Weekend war hei\u00df!","datePublished":"2022-06-27T11:19:31+00:00","dateModified":"2022-06-27T11:23:44+00:00","mainEntityOfPage":{"@id":"https:\/\/www.mlc-munich.de\/web\/das-mlc-fetish-summer-weekend-war-heiss\/"},"wordCount":201,"publisher":{"@id":"https:\/\/www.mlc-munich.de\/web\/#organization"},"image":{"@id":"https:\/\/www.mlc-munich.de\/web\/das-mlc-fetish-summer-weekend-war-heiss\/#primaryimage"},"thumbnailUrl":"https:\/\/www.mlc-munich.de\/web\/wp-content\/uploads\/2022\/06\/DSC_0858-scaled.jpg","inLanguage":"de"},{"@type":"WebPage","@id":"https:\/\/www.mlc-munich.de\/web\/das-mlc-fetish-summer-weekend-war-heiss\/","url":"https:\/\/www.mlc-munich.de\/web\/das-mlc-fetish-summer-weekend-war-heiss\/","name":"Das MLC Fetish Summer Weekend war hei\u00df! - MLC M\u00fcnchner L\u00f6wen Club e.V.","isPartOf":{"@id":"https:\/\/www.mlc-munich.de\/web\/#website"},"primaryImageOfPage":{"@id":"https:\/\/www.mlc-munich.de\/web\/das-mlc-fetish-summer-weekend-war-heiss\/#primaryimage"},"image":{"@id":"https:\/\/www.mlc-munich.de\/web\/das-mlc-fetish-summer-weekend-war-heiss\/#primaryimage"},"thumbnailUrl":"https:\/\/www.mlc-munich.de\/web\/wp-content\/uploads\/2022\/06\/DSC_0858-scaled.jpg","datePublished":"2022-06-27T11:19:31+00:00","dateModified":"2022-06-27T11:23:44+00:00","breadcrumb":{"@id":"https:\/\/www.mlc-munich.de\/web\/das-mlc-fetish-summer-weekend-war-heiss\/#breadcrumb"},"inLanguage":"de","potentialAction":[{"@type":"ReadAction","target":["https:\/\/www.mlc-munich.de\/web\/das-mlc-fetish-summer-weekend-war-heiss\/"]}]},{"@type":"ImageObject","inLanguage":"de","@id":"https:\/\/www.mlc-munich.de\/web\/das-mlc-fetish-summer-weekend-war-heiss\/#primaryimage","url":"https:\/\/www.mlc-munich.de\/web\/wp-content\/uploads\/2022\/06\/DSC_0858-scaled.jpg","contentUrl":"https:\/\/www.mlc-munich.de\/web\/wp-content\/uploads\/2022\/06\/DSC_0858-scaled.jpg","width":2560,"height":1696},{"@type":"BreadcrumbList","@id":"https:\/\/www.mlc-munich.de\/web\/das-mlc-fetish-summer-weekend-war-heiss\/#breadcrumb","itemListElement":[{"@type":"ListItem","position":1,"name":"Startseite","item":"https:\/\/www.mlc-munich.de\/web\/"},{"@type":"ListItem","position":2,"name":"Das MLC Fetish Summer Weekend war hei\u00df!"}]},{"@type":"WebSite","@id":"https:\/\/www.mlc-munich.de\/web\/#website","url":"https:\/\/www.mlc-munich.de\/web\/","name":"MLC M\u00fcnchner L\u00f6wen Club e.V.","description":"MLC M\u00fcnchner L\u00f6wen Club e.V.","publisher":{"@id":"https:\/\/www.mlc-munich.de\/web\/#organization"},"potentialAction":[{"@type":"SearchAction","target":{"@type":"EntryPoint","urlTemplate":"https:\/\/www.mlc-munich.de\/web\/?s={search_term_string}"},"query-input":{"@type":"PropertyValueSpecification","valueRequired":true,"valueName":"search_term_string"}}],"inLanguage":"de"},{"@type":"Organization","@id":"https:\/\/www.mlc-munich.de\/web\/#organization","name":"MLC M\u00fcnchner L\u00f6wen Club e.V.","url":"https:\/\/www.mlc-munich.de\/web\/","logo":{"@type":"ImageObject","inLanguage":"de","@id":"https:\/\/www.mlc-munich.de\/web\/#\/schema\/logo\/image\/","url":"https:\/\/www.mlc-munich.de\/web\/wp-content\/uploads\/2018\/05\/logo_250x95px-Kopie.png","contentUrl":"https:\/\/www.mlc-munich.de\/web\/wp-content\/uploads\/2018\/05\/logo_250x95px-Kopie.png","width":250,"height":95,"caption":"MLC M\u00fcnchner L\u00f6wen Club e.V."},"image":{"@id":"https:\/\/www.mlc-munich.de\/web\/#\/schema\/logo\/image\/"}},{"@type":"Person","@id":"https:\/\/www.mlc-munich.de\/web\/#\/schema\/person\/8ab46efdd6adab85dc79e46ba23bf666","name":"Andreas Bl\u00fcm","image":{"@type":"ImageObject","inLanguage":"de","@id":"https:\/\/secure.gravatar.com\/avatar\/4911c491b7f433eacb8c9d4ed7cdc1b43c9980887f0b50534ea89397966226ee?s=96&d=mm&r=r","url":"https:\/\/secure.gravatar.com\/avatar\/4911c491b7f433eacb8c9d4ed7cdc1b43c9980887f0b50534ea89397966226ee?s=96&d=mm&r=r","contentUrl":"https:\/\/secure.gravatar.com\/avatar\/4911c491b7f433eacb8c9d4ed7cdc1b43c9980887f0b50534ea89397966226ee?s=96&d=mm&r=r","caption":"Andreas Bl\u00fcm"},"url":"https:\/\/www.mlc-munich.de\/web\/author\/andy\/"}]}},"_links":{"self":[{"href":"https:\/\/www.mlc-munich.de\/web\/wp-json\/wp\/v2\/posts\/5237","targetHints":{"allow":["GET"]}}],"collection":[{"href":"https:\/\/www.mlc-munich.de\/web\/wp-json\/wp\/v2\/posts"}],"about":[{"href":"https:\/\/www.mlc-munich.de\/web\/wp-json\/wp\/v2\/types\/post"}],"author":[{"embeddable":true,"href":"https:\/\/www.mlc-munich.de\/web\/wp-json\/wp\/v2\/users\/2"}],"replies":[{"embeddable":true,"href":"https:\/\/www.mlc-munich.de\/web\/wp-json\/wp\/v2\/comments?post=5237"}],"version-history":[{"count":2,"href":"https:\/\/www.mlc-munich.de\/web\/wp-json\/wp\/v2\/posts\/5237\/revisions"}],"predecessor-version":[{"id":5252,"href":"https:\/\/www.mlc-munich.de\/web\/wp-json\/wp\/v2\/posts\/5237\/revisions\/5252"}],"wp:featuredmedia":[{"embeddable":true,"href":"https:\/\/www.mlc-munich.de\/web\/wp-json\/wp\/v2\/media\/5238"}],"wp:attachment":[{"href":"https:\/\/www.mlc-munich.de\/web\/wp-json\/wp\/v2\/media?parent=5237"}],"wp:term":[{"taxonomy":"category","embeddable":true,"href":"https:\/\/www.mlc-munich.de\/web\/wp-json\/wp\/v2\/categories?post=5237"},{"taxonomy":"post_tag","embeddable":true,"href":"https:\/\/www.mlc-munich.de\/web\/wp-json\/wp\/v2\/tags?post=5237"}],"curies":[{"name":"wp","href":"https:\/\/api.w.org\/{rel}","templated":true}]}}