{"id":5697,"date":"2022-10-13T12:18:18","date_gmt":"2022-10-13T10:18:18","guid":{"rendered":"https:\/\/www.mlc-munich.de\/web\/?p=5697"},"modified":"2022-10-13T12:19:21","modified_gmt":"2022-10-13T10:19:21","slug":"trauer-und-anteilnahme-fuer-die-opfer-und-angehoerigen-in-bratislava","status":"publish","type":"post","link":"https:\/\/www.mlc-munich.de\/web\/trauer-und-anteilnahme-fuer-die-opfer-und-angehoerigen-in-bratislava\/","title":{"rendered":"Trauer und Anteilnahme f\u00fcr die Opfer und Angeh\u00f6rigen in Bratislava"},"content":{"rendered":"<p>Der MLC ist best\u00fcrzt \u00fcber das Attentat auf eine queere Bar in Bratislava.<\/p>\n<p>Wir k\u00f6nnen es mit unserem Verstand nicht fassen was dort geschehen ist. Ohnm\u00e4chtig sehen wir die Bilder in den Medien.<br \/>\nUnsere Gedanken und besten W\u00fcnschen sind bei den Angeh\u00f6rigen, Verwandten und Freunden der Opfer.<br \/>\nUnseren Dank und Respekt gilt den Helfern und Einsatzkr\u00e4ften.<\/p>\n<p>Wir stehen, wie viele andere, an der Seite der Community in Bratislava.<\/p>\n<p>F\u00fcr den M\u00fcnchner L\u00f6wen Club e. V.<br \/>\nder Vorstand<\/p>\n","protected":false},"excerpt":{"rendered":"<p>Der MLC ist best\u00fcrzt \u00fcber das Attentat auf eine queere Bar in Bratislava. Wir k\u00f6nnen es mit unserem Verstand nicht fassen was dort geschehen ist. Ohnm\u00e4chtig sehen wir die Bilder in den Medien. Unsere Gedanken und besten W\u00fcnschen sind bei den Angeh\u00f6rigen, Verwandten und Freunden der Opfer. Unseren Dank und Respekt gilt den Helfern und Einsatzkr\u00e4ften. Wir stehen, wie viele andere, an der Seite der Community in Bratislava. F\u00fcr den M\u00fcnchner L\u00f6wen Club e. V. der Vorstand<\/p>\n","protected":false},"author":2,"featured_media":5698,"comment_status":"closed","ping_status":"closed","sticky":false,"template":"","format":"standard","meta":{"footnotes":""},"categories":[1],"tags":[],"class_list":["post-5697","post","type-post","status-publish","format-standard","has-post-thumbnail","hentry","category-allgemein","post-with-thumbnail","post-with-thumbnail-icon"],"translation":{"provider":"WPGlobus","version":"3.0.2","language":"de","enabled_languages":["de","en"],"languages":{"de":{"title":true,"content":true,"excerpt":false},"en":{"title":true,"content":true,"excerpt":false}}},"yoast_head":"<!-- This site is optimized with the Yoast SEO plugin v27.4 - https:\/\/yoast.com\/product\/yoast-seo-wordpress\/ -->\n<title>Trauer und Anteilnahme f\u00fcr die Opfer und Angeh\u00f6rigen in Bratislava - MLC M\u00fcnchner L\u00f6wen Club e.V.<\/title>\n<meta name=\"robots\" content=\"index, follow, max-snippet:-1, max-image-preview:large, max-video-preview:-1\" \/>\n<link rel=\"canonical\" href=\"https:\/\/www.mlc-munich.de\/web\/trauer-und-anteilnahme-fuer-die-opfer-und-angehoerigen-in-bratislava\/\" \/>\n<meta property=\"og:locale\" content=\"de_DE\" \/>\n<meta property=\"og:type\" content=\"article\" \/>\n<meta property=\"og:title\" content=\"Trauer und Anteilnahme f\u00fcr die Opfer und Angeh\u00f6rigen in Bratislava - MLC M\u00fcnchner L\u00f6wen Club e.V.\" \/>\n<meta property=\"og:url\" content=\"https:\/\/www.mlc-munich.de\/web\/trauer-und-anteilnahme-fuer-die-opfer-und-angehoerigen-in-bratislava\/\" \/>\n<meta property=\"og:site_name\" content=\"MLC M\u00fcnchner L\u00f6wen Club e.V.\" \/>\n<meta property=\"article:published_time\" content=\"2022-10-13T10:18:18+00:00\" \/>\n<meta property=\"article:modified_time\" content=\"2022-10-13T10:19:21+00:00\" \/>\n<meta property=\"og:image\" content=\"https:\/\/www.mlc-munich.de\/web\/wp-content\/uploads\/2022\/10\/signal-2022-10-13-115841_002.jpeg\" \/>\n\t<meta property=\"og:image:width\" content=\"500\" \/>\n\t<meta property=\"og:image:height\" content=\"500\" \/>\n\t<meta property=\"og:image:type\" content=\"image\/jpeg\" \/>\n<meta name=\"author\" content=\"Andreas Bl\u00fcm\" \/>\n<meta name=\"twitter:card\" content=\"summary_large_image\" \/>\n<meta name=\"twitter:label1\" content=\"Verfasst von\" \/>\n\t<meta name=\"twitter:data1\" content=\"Andreas Bl\u00fcm\" \/>\n\t<meta name=\"twitter:label2\" content=\"Gesch\u00e4tzte Lesezeit\" \/>\n\t<meta name=\"twitter:data2\" content=\"1\u00a0Minute\" \/>\n<script type=\"application\/ld+json\" class=\"yoast-schema-graph\">{\"@context\":\"https:\\\/\\\/schema.org\",\"@graph\":[{\"@type\":\"Article\",\"@id\":\"https:\\\/\\\/www.mlc-munich.de\\\/web\\\/trauer-und-anteilnahme-fuer-die-opfer-und-angehoerigen-in-bratislava\\\/#article\",\"isPartOf\":{\"@id\":\"https:\\\/\\\/www.mlc-munich.de\\\/web\\\/trauer-und-anteilnahme-fuer-die-opfer-und-angehoerigen-in-bratislava\\\/\"},\"author\":{\"name\":\"Andreas Bl\u00fcm\",\"@id\":\"https:\\\/\\\/www.mlc-munich.de\\\/web\\\/#\\\/schema\\\/person\\\/8ab46efdd6adab85dc79e46ba23bf666\"},\"headline\":\"Trauer und Anteilnahme f\u00fcr die Opfer und Angeh\u00f6rigen in Bratislava\",\"datePublished\":\"2022-10-13T10:18:18+00:00\",\"dateModified\":\"2022-10-13T10:19:21+00:00\",\"mainEntityOfPage\":{\"@id\":\"https:\\\/\\\/www.mlc-munich.de\\\/web\\\/trauer-und-anteilnahme-fuer-die-opfer-und-angehoerigen-in-bratislava\\\/\"},\"wordCount\":192,\"publisher\":{\"@id\":\"https:\\\/\\\/www.mlc-munich.de\\\/web\\\/#organization\"},\"image\":{\"@id\":\"https:\\\/\\\/www.mlc-munich.de\\\/web\\\/trauer-und-anteilnahme-fuer-die-opfer-und-angehoerigen-in-bratislava\\\/#primaryimage\"},\"thumbnailUrl\":\"https:\\\/\\\/www.mlc-munich.de\\\/web\\\/wp-content\\\/uploads\\\/2022\\\/10\\\/signal-2022-10-13-115841_002.jpeg\",\"inLanguage\":\"de\"},{\"@type\":\"WebPage\",\"@id\":\"https:\\\/\\\/www.mlc-munich.de\\\/web\\\/trauer-und-anteilnahme-fuer-die-opfer-und-angehoerigen-in-bratislava\\\/\",\"url\":\"https:\\\/\\\/www.mlc-munich.de\\\/web\\\/trauer-und-anteilnahme-fuer-die-opfer-und-angehoerigen-in-bratislava\\\/\",\"name\":\"Trauer und Anteilnahme f\u00fcr die Opfer und Angeh\u00f6rigen in Bratislava - MLC M\u00fcnchner L\u00f6wen Club e.V.\",\"isPartOf\":{\"@id\":\"https:\\\/\\\/www.mlc-munich.de\\\/web\\\/#website\"},\"primaryImageOfPage\":{\"@id\":\"https:\\\/\\\/www.mlc-munich.de\\\/web\\\/trauer-und-anteilnahme-fuer-die-opfer-und-angehoerigen-in-bratislava\\\/#primaryimage\"},\"image\":{\"@id\":\"https:\\\/\\\/www.mlc-munich.de\\\/web\\\/trauer-und-anteilnahme-fuer-die-opfer-und-angehoerigen-in-bratislava\\\/#primaryimage\"},\"thumbnailUrl\":\"https:\\\/\\\/www.mlc-munich.de\\\/web\\\/wp-content\\\/uploads\\\/2022\\\/10\\\/signal-2022-10-13-115841_002.jpeg\",\"datePublished\":\"2022-10-13T10:18:18+00:00\",\"dateModified\":\"2022-10-13T10:19:21+00:00\",\"breadcrumb\":{\"@id\":\"https:\\\/\\\/www.mlc-munich.de\\\/web\\\/trauer-und-anteilnahme-fuer-die-opfer-und-angehoerigen-in-bratislava\\\/#breadcrumb\"},\"inLanguage\":\"de\",\"potentialAction\":[{\"@type\":\"ReadAction\",\"target\":[\"https:\\\/\\\/www.mlc-munich.de\\\/web\\\/trauer-und-anteilnahme-fuer-die-opfer-und-angehoerigen-in-bratislava\\\/\"]}]},{\"@type\":\"ImageObject\",\"inLanguage\":\"de\",\"@id\":\"https:\\\/\\\/www.mlc-munich.de\\\/web\\\/trauer-und-anteilnahme-fuer-die-opfer-und-angehoerigen-in-bratislava\\\/#primaryimage\",\"url\":\"https:\\\/\\\/www.mlc-munich.de\\\/web\\\/wp-content\\\/uploads\\\/2022\\\/10\\\/signal-2022-10-13-115841_002.jpeg\",\"contentUrl\":\"https:\\\/\\\/www.mlc-munich.de\\\/web\\\/wp-content\\\/uploads\\\/2022\\\/10\\\/signal-2022-10-13-115841_002.jpeg\",\"width\":500,\"height\":500},{\"@type\":\"BreadcrumbList\",\"@id\":\"https:\\\/\\\/www.mlc-munich.de\\\/web\\\/trauer-und-anteilnahme-fuer-die-opfer-und-angehoerigen-in-bratislava\\\/#breadcrumb\",\"itemListElement\":[{\"@type\":\"ListItem\",\"position\":1,\"name\":\"Startseite\",\"item\":\"https:\\\/\\\/www.mlc-munich.de\\\/web\\\/\"},{\"@type\":\"ListItem\",\"position\":2,\"name\":\"Trauer und Anteilnahme f\u00fcr die Opfer und Angeh\u00f6rigen in Bratislava\"}]},{\"@type\":\"WebSite\",\"@id\":\"https:\\\/\\\/www.mlc-munich.de\\\/web\\\/#website\",\"url\":\"https:\\\/\\\/www.mlc-munich.de\\\/web\\\/\",\"name\":\"MLC M\u00fcnchner L\u00f6wen Club e.V.\",\"description\":\"MLC M\u00fcnchner L\u00f6wen Club e.V.\",\"publisher\":{\"@id\":\"https:\\\/\\\/www.mlc-munich.de\\\/web\\\/#organization\"},\"potentialAction\":[{\"@type\":\"SearchAction\",\"target\":{\"@type\":\"EntryPoint\",\"urlTemplate\":\"https:\\\/\\\/www.mlc-munich.de\\\/web\\\/?s={search_term_string}\"},\"query-input\":{\"@type\":\"PropertyValueSpecification\",\"valueRequired\":true,\"valueName\":\"search_term_string\"}}],\"inLanguage\":\"de\"},{\"@type\":\"Organization\",\"@id\":\"https:\\\/\\\/www.mlc-munich.de\\\/web\\\/#organization\",\"name\":\"MLC M\u00fcnchner L\u00f6wen Club e.V.\",\"url\":\"https:\\\/\\\/www.mlc-munich.de\\\/web\\\/\",\"logo\":{\"@type\":\"ImageObject\",\"inLanguage\":\"de\",\"@id\":\"https:\\\/\\\/www.mlc-munich.de\\\/web\\\/#\\\/schema\\\/logo\\\/image\\\/\",\"url\":\"https:\\\/\\\/www.mlc-munich.de\\\/web\\\/wp-content\\\/uploads\\\/2018\\\/05\\\/logo_250x95px-Kopie.png\",\"contentUrl\":\"https:\\\/\\\/www.mlc-munich.de\\\/web\\\/wp-content\\\/uploads\\\/2018\\\/05\\\/logo_250x95px-Kopie.png\",\"width\":250,\"height\":95,\"caption\":\"MLC M\u00fcnchner L\u00f6wen Club e.V.\"},\"image\":{\"@id\":\"https:\\\/\\\/www.mlc-munich.de\\\/web\\\/#\\\/schema\\\/logo\\\/image\\\/\"}},{\"@type\":\"Person\",\"@id\":\"https:\\\/\\\/www.mlc-munich.de\\\/web\\\/#\\\/schema\\\/person\\\/8ab46efdd6adab85dc79e46ba23bf666\",\"name\":\"Andreas Bl\u00fcm\",\"image\":{\"@type\":\"ImageObject\",\"inLanguage\":\"de\",\"@id\":\"https:\\\/\\\/secure.gravatar.com\\\/avatar\\\/4911c491b7f433eacb8c9d4ed7cdc1b43c9980887f0b50534ea89397966226ee?s=96&d=mm&r=r\",\"url\":\"https:\\\/\\\/secure.gravatar.com\\\/avatar\\\/4911c491b7f433eacb8c9d4ed7cdc1b43c9980887f0b50534ea89397966226ee?s=96&d=mm&r=r\",\"contentUrl\":\"https:\\\/\\\/secure.gravatar.com\\\/avatar\\\/4911c491b7f433eacb8c9d4ed7cdc1b43c9980887f0b50534ea89397966226ee?s=96&d=mm&r=r\",\"caption\":\"Andreas Bl\u00fcm\"},\"url\":\"https:\\\/\\\/www.mlc-munich.de\\\/web\\\/author\\\/andy\\\/\"}]}<\/script>\n<!-- \/ Yoast SEO plugin. -->","yoast_head_json":{"title":"Trauer und Anteilnahme f\u00fcr die Opfer und Angeh\u00f6rigen in Bratislava - MLC M\u00fcnchner L\u00f6wen Club e.V.","robots":{"index":"index","follow":"follow","max-snippet":"max-snippet:-1","max-image-preview":"max-image-preview:large","max-video-preview":"max-video-preview:-1"},"canonical":"https:\/\/www.mlc-munich.de\/web\/trauer-und-anteilnahme-fuer-die-opfer-und-angehoerigen-in-bratislava\/","og_locale":"de_DE","og_type":"article","og_title":"Trauer und Anteilnahme f\u00fcr die Opfer und Angeh\u00f6rigen in Bratislava - MLC M\u00fcnchner L\u00f6wen Club e.V.","og_url":"https:\/\/www.mlc-munich.de\/web\/trauer-und-anteilnahme-fuer-die-opfer-und-angehoerigen-in-bratislava\/","og_site_name":"MLC M\u00fcnchner L\u00f6wen Club e.V.","article_published_time":"2022-10-13T10:18:18+00:00","article_modified_time":"2022-10-13T10:19:21+00:00","og_image":[{"width":500,"height":500,"url":"https:\/\/www.mlc-munich.de\/web\/wp-content\/uploads\/2022\/10\/signal-2022-10-13-115841_002.jpeg","type":"image\/jpeg"}],"author":"Andreas Bl\u00fcm","twitter_card":"summary_large_image","twitter_misc":{"Verfasst von":"Andreas Bl\u00fcm","Gesch\u00e4tzte Lesezeit":"1\u00a0Minute"},"schema":{"@context":"https:\/\/schema.org","@graph":[{"@type":"Article","@id":"https:\/\/www.mlc-munich.de\/web\/trauer-und-anteilnahme-fuer-die-opfer-und-angehoerigen-in-bratislava\/#article","isPartOf":{"@id":"https:\/\/www.mlc-munich.de\/web\/trauer-und-anteilnahme-fuer-die-opfer-und-angehoerigen-in-bratislava\/"},"author":{"name":"Andreas Bl\u00fcm","@id":"https:\/\/www.mlc-munich.de\/web\/#\/schema\/person\/8ab46efdd6adab85dc79e46ba23bf666"},"headline":"Trauer und Anteilnahme f\u00fcr die Opfer und Angeh\u00f6rigen in Bratislava","datePublished":"2022-10-13T10:18:18+00:00","dateModified":"2022-10-13T10:19:21+00:00","mainEntityOfPage":{"@id":"https:\/\/www.mlc-munich.de\/web\/trauer-und-anteilnahme-fuer-die-opfer-und-angehoerigen-in-bratislava\/"},"wordCount":192,"publisher":{"@id":"https:\/\/www.mlc-munich.de\/web\/#organization"},"image":{"@id":"https:\/\/www.mlc-munich.de\/web\/trauer-und-anteilnahme-fuer-die-opfer-und-angehoerigen-in-bratislava\/#primaryimage"},"thumbnailUrl":"https:\/\/www.mlc-munich.de\/web\/wp-content\/uploads\/2022\/10\/signal-2022-10-13-115841_002.jpeg","inLanguage":"de"},{"@type":"WebPage","@id":"https:\/\/www.mlc-munich.de\/web\/trauer-und-anteilnahme-fuer-die-opfer-und-angehoerigen-in-bratislava\/","url":"https:\/\/www.mlc-munich.de\/web\/trauer-und-anteilnahme-fuer-die-opfer-und-angehoerigen-in-bratislava\/","name":"Trauer und Anteilnahme f\u00fcr die Opfer und Angeh\u00f6rigen in Bratislava - MLC M\u00fcnchner L\u00f6wen Club e.V.","isPartOf":{"@id":"https:\/\/www.mlc-munich.de\/web\/#website"},"primaryImageOfPage":{"@id":"https:\/\/www.mlc-munich.de\/web\/trauer-und-anteilnahme-fuer-die-opfer-und-angehoerigen-in-bratislava\/#primaryimage"},"image":{"@id":"https:\/\/www.mlc-munich.de\/web\/trauer-und-anteilnahme-fuer-die-opfer-und-angehoerigen-in-bratislava\/#primaryimage"},"thumbnailUrl":"https:\/\/www.mlc-munich.de\/web\/wp-content\/uploads\/2022\/10\/signal-2022-10-13-115841_002.jpeg","datePublished":"2022-10-13T10:18:18+00:00","dateModified":"2022-10-13T10:19:21+00:00","breadcrumb":{"@id":"https:\/\/www.mlc-munich.de\/web\/trauer-und-anteilnahme-fuer-die-opfer-und-angehoerigen-in-bratislava\/#breadcrumb"},"inLanguage":"de","potentialAction":[{"@type":"ReadAction","target":["https:\/\/www.mlc-munich.de\/web\/trauer-und-anteilnahme-fuer-die-opfer-und-angehoerigen-in-bratislava\/"]}]},{"@type":"ImageObject","inLanguage":"de","@id":"https:\/\/www.mlc-munich.de\/web\/trauer-und-anteilnahme-fuer-die-opfer-und-angehoerigen-in-bratislava\/#primaryimage","url":"https:\/\/www.mlc-munich.de\/web\/wp-content\/uploads\/2022\/10\/signal-2022-10-13-115841_002.jpeg","contentUrl":"https:\/\/www.mlc-munich.de\/web\/wp-content\/uploads\/2022\/10\/signal-2022-10-13-115841_002.jpeg","width":500,"height":500},{"@type":"BreadcrumbList","@id":"https:\/\/www.mlc-munich.de\/web\/trauer-und-anteilnahme-fuer-die-opfer-und-angehoerigen-in-bratislava\/#breadcrumb","itemListElement":[{"@type":"ListItem","position":1,"name":"Startseite","item":"https:\/\/www.mlc-munich.de\/web\/"},{"@type":"ListItem","position":2,"name":"Trauer und Anteilnahme f\u00fcr die Opfer und Angeh\u00f6rigen in Bratislava"}]},{"@type":"WebSite","@id":"https:\/\/www.mlc-munich.de\/web\/#website","url":"https:\/\/www.mlc-munich.de\/web\/","name":"MLC M\u00fcnchner L\u00f6wen Club e.V.","description":"MLC M\u00fcnchner L\u00f6wen Club e.V.","publisher":{"@id":"https:\/\/www.mlc-munich.de\/web\/#organization"},"potentialAction":[{"@type":"SearchAction","target":{"@type":"EntryPoint","urlTemplate":"https:\/\/www.mlc-munich.de\/web\/?s={search_term_string}"},"query-input":{"@type":"PropertyValueSpecification","valueRequired":true,"valueName":"search_term_string"}}],"inLanguage":"de"},{"@type":"Organization","@id":"https:\/\/www.mlc-munich.de\/web\/#organization","name":"MLC M\u00fcnchner L\u00f6wen Club e.V.","url":"https:\/\/www.mlc-munich.de\/web\/","logo":{"@type":"ImageObject","inLanguage":"de","@id":"https:\/\/www.mlc-munich.de\/web\/#\/schema\/logo\/image\/","url":"https:\/\/www.mlc-munich.de\/web\/wp-content\/uploads\/2018\/05\/logo_250x95px-Kopie.png","contentUrl":"https:\/\/www.mlc-munich.de\/web\/wp-content\/uploads\/2018\/05\/logo_250x95px-Kopie.png","width":250,"height":95,"caption":"MLC M\u00fcnchner L\u00f6wen Club e.V."},"image":{"@id":"https:\/\/www.mlc-munich.de\/web\/#\/schema\/logo\/image\/"}},{"@type":"Person","@id":"https:\/\/www.mlc-munich.de\/web\/#\/schema\/person\/8ab46efdd6adab85dc79e46ba23bf666","name":"Andreas Bl\u00fcm","image":{"@type":"ImageObject","inLanguage":"de","@id":"https:\/\/secure.gravatar.com\/avatar\/4911c491b7f433eacb8c9d4ed7cdc1b43c9980887f0b50534ea89397966226ee?s=96&d=mm&r=r","url":"https:\/\/secure.gravatar.com\/avatar\/4911c491b7f433eacb8c9d4ed7cdc1b43c9980887f0b50534ea89397966226ee?s=96&d=mm&r=r","contentUrl":"https:\/\/secure.gravatar.com\/avatar\/4911c491b7f433eacb8c9d4ed7cdc1b43c9980887f0b50534ea89397966226ee?s=96&d=mm&r=r","caption":"Andreas Bl\u00fcm"},"url":"https:\/\/www.mlc-munich.de\/web\/author\/andy\/"}]}},"_links":{"self":[{"href":"https:\/\/www.mlc-munich.de\/web\/wp-json\/wp\/v2\/posts\/5697","targetHints":{"allow":["GET"]}}],"collection":[{"href":"https:\/\/www.mlc-munich.de\/web\/wp-json\/wp\/v2\/posts"}],"about":[{"href":"https:\/\/www.mlc-munich.de\/web\/wp-json\/wp\/v2\/types\/post"}],"author":[{"embeddable":true,"href":"https:\/\/www.mlc-munich.de\/web\/wp-json\/wp\/v2\/users\/2"}],"replies":[{"embeddable":true,"href":"https:\/\/www.mlc-munich.de\/web\/wp-json\/wp\/v2\/comments?post=5697"}],"version-history":[{"count":2,"href":"https:\/\/www.mlc-munich.de\/web\/wp-json\/wp\/v2\/posts\/5697\/revisions"}],"predecessor-version":[{"id":5700,"href":"https:\/\/www.mlc-munich.de\/web\/wp-json\/wp\/v2\/posts\/5697\/revisions\/5700"}],"wp:featuredmedia":[{"embeddable":true,"href":"https:\/\/www.mlc-munich.de\/web\/wp-json\/wp\/v2\/media\/5698"}],"wp:attachment":[{"href":"https:\/\/www.mlc-munich.de\/web\/wp-json\/wp\/v2\/media?parent=5697"}],"wp:term":[{"taxonomy":"category","embeddable":true,"href":"https:\/\/www.mlc-munich.de\/web\/wp-json\/wp\/v2\/categories?post=5697"},{"taxonomy":"post_tag","embeddable":true,"href":"https:\/\/www.mlc-munich.de\/web\/wp-json\/wp\/v2\/tags?post=5697"}],"curies":[{"name":"wp","href":"https:\/\/api.w.org\/{rel}","templated":true}]}}