{"id":6277,"date":"2022-12-24T10:45:35","date_gmt":"2022-12-24T09:45:35","guid":{"rendered":"https:\/\/www.mlc-munich.de\/web\/?p=6277"},"modified":"2023-01-02T10:46:14","modified_gmt":"2023-01-02T09:46:14","slug":"weihnachtsgruss","status":"publish","type":"post","link":"https:\/\/www.mlc-munich.de\/web\/weihnachtsgruss\/","title":{"rendered":"Weihnachtsgru\u00df"},"content":{"rendered":"<p><strong>Liebe Mitglieder und Freunde des M\u00fcnchner L\u00f6wen Club, <\/strong><br \/>\nein ereignisreiches, manchmal auch herausforderndes Jahr geht zu Ende.<\/p>\n<p>Im Jahr 2022 konnten wir gemeinsam viele tolle Events erleben, beispielsweise den MLC Fetish Summer mit der Wahl von Eddy zum Bavarian Mr. Leather oder den M\u00fcnchner CSD mit einer gigantischen Beteiligung. Und endlich gab es auch wieder unseren GaySunday\u00ae in der neuen Br\u00e4urosl. Auch die Schlager- und die Technoparty sowie die ABDL-Party und das Petplay-Wochenende z\u00e4hlen zu den Highlights 2022.<\/p>\n<p>Der MLC hat die Corona-Schlie\u00dfungen gut gemeistert und wir konnten das UnderGround im Fr\u00fchjahr wieder f\u00fcr euch \u00f6ffnen. Gleichwohl sind auch wir mit neuen Herausforderungen wie den steigenden Energiekosten konfrontiert, die leider eine Anhebung der Getr\u00e4nkepreise im UnderGround erforderlich gemacht haben.<\/p>\n<p>Mit dem Ziel, dass die schwule Leder-\/Fetischszene weiter zusammenr\u00fcckt, haben wir im Jahr 2022 mit dem Th\u00fcringer Lederclub, dem MSC Hamburg und dem N\u00fcrnberger Leder Club die Clubfahnen getauscht und so ein Zeichen f\u00fcr eine zuk\u00fcnftig engere Zusammenarbeit gesetzt.<\/p>\n<p>Wir m\u00f6chten uns bei allen sichtbaren und unsichtbaren Unterst\u00fctzern des MLC f\u00fcr ihre unerm\u00fcdliche Arbeit \u00fcber das ganze Jahr hinweg herzlichst bedanken. Nur dank eueres ehrenamtlichen Engagements sind der MLC und das UnderGround so wunderbar.<\/p>\n<p>Auch den drei in diesem Jahr aus ihren \u00c4mtern ausgeschiedenen Vorst\u00e4nden des MLC danken wir erneut von Herzen f\u00fcr ihr jahrelanges gro\u00dfes Engagement. Mit viel Schwung und neuen Ideen d\u00fcrfen wir drei seit April 2022 euer neues Vorstandsteam sein.<\/p>\n<p>Wir w\u00fcnschen euch, den Mitgliedern, Helfern und Freunden des MLC und all euren Lieben, sch\u00f6ne Weihnachtstage und einen guten Start in ein gesundes neues Jahr 2023.<\/p>\n<p>Und wir freuen uns, euch bald wiederzusehen, vielleicht ja schon bei der New Year Fetish Party im UnderGround am 31. Dezember 2022<\/p>\n<p><strong>Beste Gr\u00fc\u00dfe, <\/strong><br \/>\n<strong>Benjamin, Martin und Curtis <\/strong><br \/>\n<strong>Euer Vorstand des M\u00fcnchner L\u00f6wen Club e. V.<\/strong><\/p>\n","protected":false},"excerpt":{"rendered":"<p>Liebe Mitglieder und Freunde des M\u00fcnchner L\u00f6wen Club, ein ereignisreiches, manchmal auch herausforderndes Jahr geht zu Ende. Im Jahr 2022 konnten wir gemeinsam viele tolle Events erleben, beispielsweise den MLC Fetish Summer mit der Wahl von Eddy zum Bavarian Mr. Leather oder den M\u00fcnchner CSD mit einer gigantischen Beteiligung. Und endlich gab es auch wieder unseren GaySunday\u00ae in der neuen Br\u00e4urosl. Auch die Schlager- und die Technoparty sowie die ABDL-Party und das Petplay-Wochenende z\u00e4hlen zu den Highlights 2022. Der MLC [&hellip;]<\/p>\n","protected":false},"author":2,"featured_media":0,"comment_status":"closed","ping_status":"closed","sticky":false,"template":"","format":"standard","meta":{"footnotes":""},"categories":[1],"tags":[],"class_list":["post-6277","post","type-post","status-publish","format-standard","hentry","category-allgemein"],"translation":{"provider":"WPGlobus","version":"3.0.2","language":"de","enabled_languages":["de","en"],"languages":{"de":{"title":true,"content":true,"excerpt":false},"en":{"title":false,"content":false,"excerpt":false}}},"yoast_head":"<!-- This site is optimized with the Yoast SEO plugin v27.4 - https:\/\/yoast.com\/product\/yoast-seo-wordpress\/ -->\n<title>Weihnachtsgru\u00df - MLC M\u00fcnchner L\u00f6wen Club e.V.<\/title>\n<meta name=\"robots\" content=\"index, follow, max-snippet:-1, max-image-preview:large, max-video-preview:-1\" \/>\n<link rel=\"canonical\" href=\"https:\/\/www.mlc-munich.de\/web\/weihnachtsgruss\/\" \/>\n<meta property=\"og:locale\" content=\"de_DE\" \/>\n<meta property=\"og:type\" content=\"article\" \/>\n<meta property=\"og:title\" content=\"Weihnachtsgru\u00df - MLC M\u00fcnchner L\u00f6wen Club e.V.\" \/>\n<meta property=\"og:url\" content=\"https:\/\/www.mlc-munich.de\/web\/weihnachtsgruss\/\" \/>\n<meta property=\"og:site_name\" content=\"MLC M\u00fcnchner L\u00f6wen Club e.V.\" \/>\n<meta property=\"article:published_time\" content=\"2022-12-24T09:45:35+00:00\" \/>\n<meta property=\"article:modified_time\" content=\"2023-01-02T09:46:14+00:00\" \/>\n<meta property=\"og:image\" content=\"https:\/\/www.mlc-munich.de\/web\/wp-content\/uploads\/2022\/12\/mlc_sweihnachten2022-Kopie.jpg\" \/>\n\t<meta property=\"og:image:width\" content=\"1500\" \/>\n\t<meta property=\"og:image:height\" content=\"1500\" \/>\n\t<meta property=\"og:image:type\" content=\"image\/jpeg\" \/>\n<meta name=\"author\" content=\"Andreas Bl\u00fcm\" \/>\n<meta name=\"twitter:card\" content=\"summary_large_image\" \/>\n<meta name=\"twitter:label1\" content=\"Verfasst von\" \/>\n\t<meta name=\"twitter:data1\" content=\"Andreas Bl\u00fcm\" \/>\n\t<meta name=\"twitter:label2\" content=\"Gesch\u00e4tzte Lesezeit\" \/>\n\t<meta name=\"twitter:data2\" content=\"2\u00a0Minuten\" \/>\n<script type=\"application\/ld+json\" class=\"yoast-schema-graph\">{\"@context\":\"https:\\\/\\\/schema.org\",\"@graph\":[{\"@type\":\"Article\",\"@id\":\"https:\\\/\\\/www.mlc-munich.de\\\/web\\\/weihnachtsgruss\\\/#article\",\"isPartOf\":{\"@id\":\"https:\\\/\\\/www.mlc-munich.de\\\/web\\\/weihnachtsgruss\\\/\"},\"author\":{\"name\":\"Andreas Bl\u00fcm\",\"@id\":\"https:\\\/\\\/www.mlc-munich.de\\\/web\\\/#\\\/schema\\\/person\\\/8ab46efdd6adab85dc79e46ba23bf666\"},\"headline\":\"Weihnachtsgru\u00df\",\"datePublished\":\"2022-12-24T09:45:35+00:00\",\"dateModified\":\"2023-01-02T09:46:14+00:00\",\"mainEntityOfPage\":{\"@id\":\"https:\\\/\\\/www.mlc-munich.de\\\/web\\\/weihnachtsgruss\\\/\"},\"wordCount\":316,\"publisher\":{\"@id\":\"https:\\\/\\\/www.mlc-munich.de\\\/web\\\/#organization\"},\"inLanguage\":\"de\"},{\"@type\":\"WebPage\",\"@id\":\"https:\\\/\\\/www.mlc-munich.de\\\/web\\\/weihnachtsgruss\\\/\",\"url\":\"https:\\\/\\\/www.mlc-munich.de\\\/web\\\/weihnachtsgruss\\\/\",\"name\":\"Weihnachtsgru\u00df - MLC M\u00fcnchner L\u00f6wen Club e.V.\",\"isPartOf\":{\"@id\":\"https:\\\/\\\/www.mlc-munich.de\\\/web\\\/#website\"},\"datePublished\":\"2022-12-24T09:45:35+00:00\",\"dateModified\":\"2023-01-02T09:46:14+00:00\",\"breadcrumb\":{\"@id\":\"https:\\\/\\\/www.mlc-munich.de\\\/web\\\/weihnachtsgruss\\\/#breadcrumb\"},\"inLanguage\":\"de\",\"potentialAction\":[{\"@type\":\"ReadAction\",\"target\":[\"https:\\\/\\\/www.mlc-munich.de\\\/web\\\/weihnachtsgruss\\\/\"]}]},{\"@type\":\"BreadcrumbList\",\"@id\":\"https:\\\/\\\/www.mlc-munich.de\\\/web\\\/weihnachtsgruss\\\/#breadcrumb\",\"itemListElement\":[{\"@type\":\"ListItem\",\"position\":1,\"name\":\"Startseite\",\"item\":\"https:\\\/\\\/www.mlc-munich.de\\\/web\\\/\"},{\"@type\":\"ListItem\",\"position\":2,\"name\":\"Weihnachtsgru\u00df\"}]},{\"@type\":\"WebSite\",\"@id\":\"https:\\\/\\\/www.mlc-munich.de\\\/web\\\/#website\",\"url\":\"https:\\\/\\\/www.mlc-munich.de\\\/web\\\/\",\"name\":\"MLC M\u00fcnchner L\u00f6wen Club e.V.\",\"description\":\"MLC M\u00fcnchner L\u00f6wen Club e.V.\",\"publisher\":{\"@id\":\"https:\\\/\\\/www.mlc-munich.de\\\/web\\\/#organization\"},\"potentialAction\":[{\"@type\":\"SearchAction\",\"target\":{\"@type\":\"EntryPoint\",\"urlTemplate\":\"https:\\\/\\\/www.mlc-munich.de\\\/web\\\/?s={search_term_string}\"},\"query-input\":{\"@type\":\"PropertyValueSpecification\",\"valueRequired\":true,\"valueName\":\"search_term_string\"}}],\"inLanguage\":\"de\"},{\"@type\":\"Organization\",\"@id\":\"https:\\\/\\\/www.mlc-munich.de\\\/web\\\/#organization\",\"name\":\"MLC M\u00fcnchner L\u00f6wen Club e.V.\",\"url\":\"https:\\\/\\\/www.mlc-munich.de\\\/web\\\/\",\"logo\":{\"@type\":\"ImageObject\",\"inLanguage\":\"de\",\"@id\":\"https:\\\/\\\/www.mlc-munich.de\\\/web\\\/#\\\/schema\\\/logo\\\/image\\\/\",\"url\":\"https:\\\/\\\/www.mlc-munich.de\\\/web\\\/wp-content\\\/uploads\\\/2018\\\/05\\\/logo_250x95px-Kopie.png\",\"contentUrl\":\"https:\\\/\\\/www.mlc-munich.de\\\/web\\\/wp-content\\\/uploads\\\/2018\\\/05\\\/logo_250x95px-Kopie.png\",\"width\":250,\"height\":95,\"caption\":\"MLC M\u00fcnchner L\u00f6wen Club e.V.\"},\"image\":{\"@id\":\"https:\\\/\\\/www.mlc-munich.de\\\/web\\\/#\\\/schema\\\/logo\\\/image\\\/\"}},{\"@type\":\"Person\",\"@id\":\"https:\\\/\\\/www.mlc-munich.de\\\/web\\\/#\\\/schema\\\/person\\\/8ab46efdd6adab85dc79e46ba23bf666\",\"name\":\"Andreas Bl\u00fcm\",\"image\":{\"@type\":\"ImageObject\",\"inLanguage\":\"de\",\"@id\":\"https:\\\/\\\/secure.gravatar.com\\\/avatar\\\/4911c491b7f433eacb8c9d4ed7cdc1b43c9980887f0b50534ea89397966226ee?s=96&d=mm&r=r\",\"url\":\"https:\\\/\\\/secure.gravatar.com\\\/avatar\\\/4911c491b7f433eacb8c9d4ed7cdc1b43c9980887f0b50534ea89397966226ee?s=96&d=mm&r=r\",\"contentUrl\":\"https:\\\/\\\/secure.gravatar.com\\\/avatar\\\/4911c491b7f433eacb8c9d4ed7cdc1b43c9980887f0b50534ea89397966226ee?s=96&d=mm&r=r\",\"caption\":\"Andreas Bl\u00fcm\"},\"url\":\"https:\\\/\\\/www.mlc-munich.de\\\/web\\\/author\\\/andy\\\/\"}]}<\/script>\n<!-- \/ Yoast SEO plugin. -->","yoast_head_json":{"title":"Weihnachtsgru\u00df - MLC M\u00fcnchner L\u00f6wen Club e.V.","robots":{"index":"index","follow":"follow","max-snippet":"max-snippet:-1","max-image-preview":"max-image-preview:large","max-video-preview":"max-video-preview:-1"},"canonical":"https:\/\/www.mlc-munich.de\/web\/weihnachtsgruss\/","og_locale":"de_DE","og_type":"article","og_title":"Weihnachtsgru\u00df - MLC M\u00fcnchner L\u00f6wen Club e.V.","og_url":"https:\/\/www.mlc-munich.de\/web\/weihnachtsgruss\/","og_site_name":"MLC M\u00fcnchner L\u00f6wen Club e.V.","article_published_time":"2022-12-24T09:45:35+00:00","article_modified_time":"2023-01-02T09:46:14+00:00","og_image":[{"width":1500,"height":1500,"url":"https:\/\/www.mlc-munich.de\/web\/wp-content\/uploads\/2022\/12\/mlc_sweihnachten2022-Kopie.jpg","type":"image\/jpeg"}],"author":"Andreas Bl\u00fcm","twitter_card":"summary_large_image","twitter_misc":{"Verfasst von":"Andreas Bl\u00fcm","Gesch\u00e4tzte Lesezeit":"2\u00a0Minuten"},"schema":{"@context":"https:\/\/schema.org","@graph":[{"@type":"Article","@id":"https:\/\/www.mlc-munich.de\/web\/weihnachtsgruss\/#article","isPartOf":{"@id":"https:\/\/www.mlc-munich.de\/web\/weihnachtsgruss\/"},"author":{"name":"Andreas Bl\u00fcm","@id":"https:\/\/www.mlc-munich.de\/web\/#\/schema\/person\/8ab46efdd6adab85dc79e46ba23bf666"},"headline":"Weihnachtsgru\u00df","datePublished":"2022-12-24T09:45:35+00:00","dateModified":"2023-01-02T09:46:14+00:00","mainEntityOfPage":{"@id":"https:\/\/www.mlc-munich.de\/web\/weihnachtsgruss\/"},"wordCount":316,"publisher":{"@id":"https:\/\/www.mlc-munich.de\/web\/#organization"},"inLanguage":"de"},{"@type":"WebPage","@id":"https:\/\/www.mlc-munich.de\/web\/weihnachtsgruss\/","url":"https:\/\/www.mlc-munich.de\/web\/weihnachtsgruss\/","name":"Weihnachtsgru\u00df - MLC M\u00fcnchner L\u00f6wen Club e.V.","isPartOf":{"@id":"https:\/\/www.mlc-munich.de\/web\/#website"},"datePublished":"2022-12-24T09:45:35+00:00","dateModified":"2023-01-02T09:46:14+00:00","breadcrumb":{"@id":"https:\/\/www.mlc-munich.de\/web\/weihnachtsgruss\/#breadcrumb"},"inLanguage":"de","potentialAction":[{"@type":"ReadAction","target":["https:\/\/www.mlc-munich.de\/web\/weihnachtsgruss\/"]}]},{"@type":"BreadcrumbList","@id":"https:\/\/www.mlc-munich.de\/web\/weihnachtsgruss\/#breadcrumb","itemListElement":[{"@type":"ListItem","position":1,"name":"Startseite","item":"https:\/\/www.mlc-munich.de\/web\/"},{"@type":"ListItem","position":2,"name":"Weihnachtsgru\u00df"}]},{"@type":"WebSite","@id":"https:\/\/www.mlc-munich.de\/web\/#website","url":"https:\/\/www.mlc-munich.de\/web\/","name":"MLC M\u00fcnchner L\u00f6wen Club e.V.","description":"MLC M\u00fcnchner L\u00f6wen Club e.V.","publisher":{"@id":"https:\/\/www.mlc-munich.de\/web\/#organization"},"potentialAction":[{"@type":"SearchAction","target":{"@type":"EntryPoint","urlTemplate":"https:\/\/www.mlc-munich.de\/web\/?s={search_term_string}"},"query-input":{"@type":"PropertyValueSpecification","valueRequired":true,"valueName":"search_term_string"}}],"inLanguage":"de"},{"@type":"Organization","@id":"https:\/\/www.mlc-munich.de\/web\/#organization","name":"MLC M\u00fcnchner L\u00f6wen Club e.V.","url":"https:\/\/www.mlc-munich.de\/web\/","logo":{"@type":"ImageObject","inLanguage":"de","@id":"https:\/\/www.mlc-munich.de\/web\/#\/schema\/logo\/image\/","url":"https:\/\/www.mlc-munich.de\/web\/wp-content\/uploads\/2018\/05\/logo_250x95px-Kopie.png","contentUrl":"https:\/\/www.mlc-munich.de\/web\/wp-content\/uploads\/2018\/05\/logo_250x95px-Kopie.png","width":250,"height":95,"caption":"MLC M\u00fcnchner L\u00f6wen Club e.V."},"image":{"@id":"https:\/\/www.mlc-munich.de\/web\/#\/schema\/logo\/image\/"}},{"@type":"Person","@id":"https:\/\/www.mlc-munich.de\/web\/#\/schema\/person\/8ab46efdd6adab85dc79e46ba23bf666","name":"Andreas Bl\u00fcm","image":{"@type":"ImageObject","inLanguage":"de","@id":"https:\/\/secure.gravatar.com\/avatar\/4911c491b7f433eacb8c9d4ed7cdc1b43c9980887f0b50534ea89397966226ee?s=96&d=mm&r=r","url":"https:\/\/secure.gravatar.com\/avatar\/4911c491b7f433eacb8c9d4ed7cdc1b43c9980887f0b50534ea89397966226ee?s=96&d=mm&r=r","contentUrl":"https:\/\/secure.gravatar.com\/avatar\/4911c491b7f433eacb8c9d4ed7cdc1b43c9980887f0b50534ea89397966226ee?s=96&d=mm&r=r","caption":"Andreas Bl\u00fcm"},"url":"https:\/\/www.mlc-munich.de\/web\/author\/andy\/"}]}},"_links":{"self":[{"href":"https:\/\/www.mlc-munich.de\/web\/wp-json\/wp\/v2\/posts\/6277","targetHints":{"allow":["GET"]}}],"collection":[{"href":"https:\/\/www.mlc-munich.de\/web\/wp-json\/wp\/v2\/posts"}],"about":[{"href":"https:\/\/www.mlc-munich.de\/web\/wp-json\/wp\/v2\/types\/post"}],"author":[{"embeddable":true,"href":"https:\/\/www.mlc-munich.de\/web\/wp-json\/wp\/v2\/users\/2"}],"replies":[{"embeddable":true,"href":"https:\/\/www.mlc-munich.de\/web\/wp-json\/wp\/v2\/comments?post=6277"}],"version-history":[{"count":1,"href":"https:\/\/www.mlc-munich.de\/web\/wp-json\/wp\/v2\/posts\/6277\/revisions"}],"predecessor-version":[{"id":6278,"href":"https:\/\/www.mlc-munich.de\/web\/wp-json\/wp\/v2\/posts\/6277\/revisions\/6278"}],"wp:attachment":[{"href":"https:\/\/www.mlc-munich.de\/web\/wp-json\/wp\/v2\/media?parent=6277"}],"wp:term":[{"taxonomy":"category","embeddable":true,"href":"https:\/\/www.mlc-munich.de\/web\/wp-json\/wp\/v2\/categories?post=6277"},{"taxonomy":"post_tag","embeddable":true,"href":"https:\/\/www.mlc-munich.de\/web\/wp-json\/wp\/v2\/tags?post=6277"}],"curies":[{"name":"wp","href":"https:\/\/api.w.org\/{rel}","templated":true}]}}