{"id":6468,"date":"2023-02-06T16:30:50","date_gmt":"2023-02-06T15:30:50","guid":{"rendered":"https:\/\/www.mlc-munich.de\/web\/?p=6468"},"modified":"2023-02-06T16:31:27","modified_gmt":"2023-02-06T15:31:27","slug":"muenchner-loewen-club-unterstuetzt-soziale-projekte-in-muenchen","status":"publish","type":"post","link":"https:\/\/www.mlc-munich.de\/web\/muenchner-loewen-club-unterstuetzt-soziale-projekte-in-muenchen\/","title":{"rendered":"M\u00fcnchner L\u00f6wen Club unterst\u00fctzt soziale Projekte in M\u00fcnchen."},"content":{"rendered":"<p>Jeweils 700 Euro spendete der MLC den folgenden sozialen Projekten in M\u00fcnchen:<\/p>\n<p><strong>Wohnen unterm Regenbogen<\/strong><br \/>\nEin Wohnprojekt der M\u00fcnchner Aids Hilfe f\u00fcr queere Senior_innen in M\u00fcnchen. F\u00fcr ein aktives, diskriminierungsfreies und bed\u00fcrfnisgerechtes Leben und Wohnen.<br \/>\nWohnen unterm Regenbogen &#8211; es geht voran! &#8211; M\u00fcnchner Aids-Hilfe<br \/>\n<a href=\"https:\/\/www.muenchner-aidshilfe.de\/aktuelle-themen-newsreader\/wohnen-unterm-regenbogen-es-geht-voran.html\" target=\"_blank\" rel=\"noopener\">muenchner-aidshilfe.de<\/a><\/p>\n<p><strong>MARIKAS<\/strong><br \/>\nDie Beratungs- und Anlaufstelle f\u00fcr junge M\u00e4nner, die anschaffen.<br \/>\nPr\u00e4vention, Beratung und sozialp\u00e4dagogische Betreuung f\u00fcr junge M\u00e4nner die anschaffen.<br \/>\nBeratungsstelle f\u00fcr anschaffende junge M\u00e4nner in M\u00fcnchen<br \/>\n<a href=\"http:\/\/www.marikas.de\/\" target=\"_blank\" rel=\"noopener\">marikas.de<\/a><\/p>\n<p><strong>Bellevue di Monaco<\/strong><br \/>\nWohn- und Kulturzentrum f\u00fcr Gefl\u00fcchtete und diese unterst\u00fctzende M\u00fcnchnerinnen und M\u00fcnchner im Herzen der Stadt. Als Wohnort f\u00fcr \u00fcber 40 Personen sowie als Anlaufpunkt f\u00fcr ratsuchende Gefl\u00fcchtete, um beim Erlernen der Sprache oder f\u00fcr eine Berufsausbildung Unterst\u00fctzung zu erhalten.<br \/>\nWillkommen im Herzen der Stadt M\u00fcnchen<br \/>\n<a href=\"https:\/\/bellevuedimonaco.de\/\" target=\"_blank\" rel=\"noopener\">bellevuedimonaco.de<\/a><\/p>\n\n\t\t<style type=\"text\/css\">\n\t\t\t#gallery-1 {\n\t\t\t\tmargin: auto;\n\t\t\t}\n\t\t\t#gallery-1 .gallery-item {\n\t\t\t\tfloat: left;\n\t\t\t\tmargin-top: 10px;\n\t\t\t\ttext-align: center;\n\t\t\t\twidth: 33%;\n\t\t\t}\n\t\t\t#gallery-1 img {\n\t\t\t\tborder: 2px solid #cfcfcf;\n\t\t\t}\n\t\t\t#gallery-1 .gallery-caption {\n\t\t\t\tmargin-left: 0;\n\t\t\t}\n\t\t\t\/* see gallery_shortcode() in wp-includes\/media.php *\/\n\t\t<\/style>\n\t\t<div id='gallery-1' class='gallery galleryid-6468 gallery-columns-3 gallery-size-medium'><dl class='gallery-item'>\n\t\t\t<dt class='gallery-icon landscape'>\n\t\t\t\t<a href='https:\/\/www.mlc-munich.de\/web\/wp-content\/uploads\/2023\/02\/IMG_0296-scaled.jpeg'><img loading=\"lazy\" decoding=\"async\" width=\"600\" height=\"337\" src=\"https:\/\/www.mlc-munich.de\/web\/wp-content\/uploads\/2023\/02\/IMG_0296-600x337.jpeg\" class=\"attachment-medium size-medium\" alt=\"\" srcset=\"https:\/\/www.mlc-munich.de\/web\/wp-content\/uploads\/2023\/02\/IMG_0296-600x337.jpeg 600w, https:\/\/www.mlc-munich.de\/web\/wp-content\/uploads\/2023\/02\/IMG_0296-2000x1125.jpeg 2000w, https:\/\/www.mlc-munich.de\/web\/wp-content\/uploads\/2023\/02\/IMG_0296-768x432.jpeg 768w, https:\/\/www.mlc-munich.de\/web\/wp-content\/uploads\/2023\/02\/IMG_0296-1536x864.jpeg 1536w, https:\/\/www.mlc-munich.de\/web\/wp-content\/uploads\/2023\/02\/IMG_0296-2048x1152.jpeg 2048w\" sizes=\"auto, (max-width: 600px) 100vw, 600px\" \/><\/a>\n\t\t\t<\/dt><\/dl><dl class='gallery-item'>\n\t\t\t<dt class='gallery-icon portrait'>\n\t\t\t\t<a href='https:\/\/www.mlc-munich.de\/web\/wp-content\/uploads\/2023\/02\/IMG_0318.jpeg'><img loading=\"lazy\" decoding=\"async\" width=\"450\" height=\"600\" src=\"https:\/\/www.mlc-munich.de\/web\/wp-content\/uploads\/2023\/02\/IMG_0318-450x600.jpeg\" class=\"attachment-medium size-medium\" alt=\"\" srcset=\"https:\/\/www.mlc-munich.de\/web\/wp-content\/uploads\/2023\/02\/IMG_0318-450x600.jpeg 450w, https:\/\/www.mlc-munich.de\/web\/wp-content\/uploads\/2023\/02\/IMG_0318-1499x2000.jpeg 1499w, https:\/\/www.mlc-munich.de\/web\/wp-content\/uploads\/2023\/02\/IMG_0318-768x1025.jpeg 768w, https:\/\/www.mlc-munich.de\/web\/wp-content\/uploads\/2023\/02\/IMG_0318-1151x1536.jpeg 1151w, https:\/\/www.mlc-munich.de\/web\/wp-content\/uploads\/2023\/02\/IMG_0318.jpeg 1536w\" sizes=\"auto, (max-width: 450px) 100vw, 450px\" \/><\/a>\n\t\t\t<\/dt><\/dl><dl class='gallery-item'>\n\t\t\t<dt class='gallery-icon landscape'>\n\t\t\t\t<a href='https:\/\/www.mlc-munich.de\/web\/wp-content\/uploads\/2023\/02\/IMG_0327.jpeg'><img loading=\"lazy\" decoding=\"async\" width=\"600\" height=\"450\" src=\"https:\/\/www.mlc-munich.de\/web\/wp-content\/uploads\/2023\/02\/IMG_0327-600x450.jpeg\" class=\"attachment-medium size-medium\" alt=\"\" srcset=\"https:\/\/www.mlc-munich.de\/web\/wp-content\/uploads\/2023\/02\/IMG_0327-600x450.jpeg 600w, https:\/\/www.mlc-munich.de\/web\/wp-content\/uploads\/2023\/02\/IMG_0327-2000x1499.jpeg 2000w, https:\/\/www.mlc-munich.de\/web\/wp-content\/uploads\/2023\/02\/IMG_0327-768x576.jpeg 768w, https:\/\/www.mlc-munich.de\/web\/wp-content\/uploads\/2023\/02\/IMG_0327-1536x1151.jpeg 1536w\" sizes=\"auto, (max-width: 600px) 100vw, 600px\" \/><\/a>\n\t\t\t<\/dt><\/dl><br style=\"clear: both\" \/>\n\t\t<\/div>\n\n","protected":false},"excerpt":{"rendered":"<p>Jeweils 700 Euro spendete der MLC den folgenden sozialen Projekten in M\u00fcnchen: Wohnen unterm Regenbogen Ein Wohnprojekt der M\u00fcnchner Aids Hilfe f\u00fcr queere Senior_innen in M\u00fcnchen. F\u00fcr ein aktives, diskriminierungsfreies und bed\u00fcrfnisgerechtes Leben und Wohnen. Wohnen unterm Regenbogen &#8211; es geht voran! &#8211; M\u00fcnchner Aids-Hilfe muenchner-aidshilfe.de MARIKAS Die Beratungs- und Anlaufstelle f\u00fcr junge M\u00e4nner, die anschaffen. Pr\u00e4vention, Beratung und sozialp\u00e4dagogische Betreuung f\u00fcr junge M\u00e4nner die anschaffen. Beratungsstelle f\u00fcr anschaffende junge M\u00e4nner in M\u00fcnchen marikas.de Bellevue di Monaco Wohn- und Kulturzentrum [&hellip;]<\/p>\n","protected":false},"author":2,"featured_media":6469,"comment_status":"closed","ping_status":"closed","sticky":false,"template":"","format":"standard","meta":{"footnotes":""},"categories":[1],"tags":[],"class_list":["post-6468","post","type-post","status-publish","format-standard","has-post-thumbnail","hentry","category-allgemein","post-with-thumbnail","post-with-thumbnail-icon"],"translation":{"provider":"WPGlobus","version":"3.0.2","language":"de","enabled_languages":["de","en"],"languages":{"de":{"title":true,"content":true,"excerpt":false},"en":{"title":false,"content":false,"excerpt":false}}},"yoast_head":"<!-- This site is optimized with the Yoast SEO plugin v27.4 - https:\/\/yoast.com\/product\/yoast-seo-wordpress\/ -->\n<title>M\u00fcnchner L\u00f6wen Club unterst\u00fctzt soziale Projekte in M\u00fcnchen. - MLC M\u00fcnchner L\u00f6wen Club e.V.<\/title>\n<meta name=\"robots\" content=\"index, follow, max-snippet:-1, max-image-preview:large, max-video-preview:-1\" \/>\n<link rel=\"canonical\" href=\"https:\/\/www.mlc-munich.de\/web\/muenchner-loewen-club-unterstuetzt-soziale-projekte-in-muenchen\/\" \/>\n<meta property=\"og:locale\" content=\"de_DE\" \/>\n<meta property=\"og:type\" content=\"article\" \/>\n<meta property=\"og:title\" content=\"M\u00fcnchner L\u00f6wen Club unterst\u00fctzt soziale Projekte in M\u00fcnchen. - MLC M\u00fcnchner L\u00f6wen Club e.V.\" \/>\n<meta property=\"og:url\" content=\"https:\/\/www.mlc-munich.de\/web\/muenchner-loewen-club-unterstuetzt-soziale-projekte-in-muenchen\/\" \/>\n<meta property=\"og:site_name\" content=\"MLC M\u00fcnchner L\u00f6wen Club e.V.\" \/>\n<meta property=\"article:published_time\" content=\"2023-02-06T15:30:50+00:00\" \/>\n<meta property=\"article:modified_time\" content=\"2023-02-06T15:31:27+00:00\" \/>\n<meta property=\"og:image\" content=\"https:\/\/www.mlc-munich.de\/web\/wp-content\/uploads\/2023\/02\/IMG_0296-scaled.jpeg\" \/>\n\t<meta property=\"og:image:width\" content=\"2560\" \/>\n\t<meta property=\"og:image:height\" content=\"1440\" \/>\n\t<meta property=\"og:image:type\" content=\"image\/jpeg\" \/>\n<meta name=\"author\" content=\"Andreas Bl\u00fcm\" \/>\n<meta name=\"twitter:card\" content=\"summary_large_image\" \/>\n<meta name=\"twitter:label1\" content=\"Verfasst von\" \/>\n\t<meta name=\"twitter:data1\" content=\"Andreas Bl\u00fcm\" \/>\n\t<meta name=\"twitter:label2\" content=\"Gesch\u00e4tzte Lesezeit\" \/>\n\t<meta name=\"twitter:data2\" content=\"1\u00a0Minute\" \/>\n<script type=\"application\/ld+json\" class=\"yoast-schema-graph\">{\"@context\":\"https:\\\/\\\/schema.org\",\"@graph\":[{\"@type\":\"Article\",\"@id\":\"https:\\\/\\\/www.mlc-munich.de\\\/web\\\/muenchner-loewen-club-unterstuetzt-soziale-projekte-in-muenchen\\\/#article\",\"isPartOf\":{\"@id\":\"https:\\\/\\\/www.mlc-munich.de\\\/web\\\/muenchner-loewen-club-unterstuetzt-soziale-projekte-in-muenchen\\\/\"},\"author\":{\"name\":\"Andreas Bl\u00fcm\",\"@id\":\"https:\\\/\\\/www.mlc-munich.de\\\/web\\\/#\\\/schema\\\/person\\\/8ab46efdd6adab85dc79e46ba23bf666\"},\"headline\":\"M\u00fcnchner L\u00f6wen Club unterst\u00fctzt soziale Projekte in M\u00fcnchen.\",\"datePublished\":\"2023-02-06T15:30:50+00:00\",\"dateModified\":\"2023-02-06T15:31:27+00:00\",\"mainEntityOfPage\":{\"@id\":\"https:\\\/\\\/www.mlc-munich.de\\\/web\\\/muenchner-loewen-club-unterstuetzt-soziale-projekte-in-muenchen\\\/\"},\"wordCount\":170,\"publisher\":{\"@id\":\"https:\\\/\\\/www.mlc-munich.de\\\/web\\\/#organization\"},\"image\":{\"@id\":\"https:\\\/\\\/www.mlc-munich.de\\\/web\\\/muenchner-loewen-club-unterstuetzt-soziale-projekte-in-muenchen\\\/#primaryimage\"},\"thumbnailUrl\":\"https:\\\/\\\/www.mlc-munich.de\\\/web\\\/wp-content\\\/uploads\\\/2023\\\/02\\\/IMG_0296-scaled.jpeg\",\"inLanguage\":\"de\"},{\"@type\":\"WebPage\",\"@id\":\"https:\\\/\\\/www.mlc-munich.de\\\/web\\\/muenchner-loewen-club-unterstuetzt-soziale-projekte-in-muenchen\\\/\",\"url\":\"https:\\\/\\\/www.mlc-munich.de\\\/web\\\/muenchner-loewen-club-unterstuetzt-soziale-projekte-in-muenchen\\\/\",\"name\":\"M\u00fcnchner L\u00f6wen Club unterst\u00fctzt soziale Projekte in M\u00fcnchen. - MLC M\u00fcnchner L\u00f6wen Club e.V.\",\"isPartOf\":{\"@id\":\"https:\\\/\\\/www.mlc-munich.de\\\/web\\\/#website\"},\"primaryImageOfPage\":{\"@id\":\"https:\\\/\\\/www.mlc-munich.de\\\/web\\\/muenchner-loewen-club-unterstuetzt-soziale-projekte-in-muenchen\\\/#primaryimage\"},\"image\":{\"@id\":\"https:\\\/\\\/www.mlc-munich.de\\\/web\\\/muenchner-loewen-club-unterstuetzt-soziale-projekte-in-muenchen\\\/#primaryimage\"},\"thumbnailUrl\":\"https:\\\/\\\/www.mlc-munich.de\\\/web\\\/wp-content\\\/uploads\\\/2023\\\/02\\\/IMG_0296-scaled.jpeg\",\"datePublished\":\"2023-02-06T15:30:50+00:00\",\"dateModified\":\"2023-02-06T15:31:27+00:00\",\"breadcrumb\":{\"@id\":\"https:\\\/\\\/www.mlc-munich.de\\\/web\\\/muenchner-loewen-club-unterstuetzt-soziale-projekte-in-muenchen\\\/#breadcrumb\"},\"inLanguage\":\"de\",\"potentialAction\":[{\"@type\":\"ReadAction\",\"target\":[\"https:\\\/\\\/www.mlc-munich.de\\\/web\\\/muenchner-loewen-club-unterstuetzt-soziale-projekte-in-muenchen\\\/\"]}]},{\"@type\":\"ImageObject\",\"inLanguage\":\"de\",\"@id\":\"https:\\\/\\\/www.mlc-munich.de\\\/web\\\/muenchner-loewen-club-unterstuetzt-soziale-projekte-in-muenchen\\\/#primaryimage\",\"url\":\"https:\\\/\\\/www.mlc-munich.de\\\/web\\\/wp-content\\\/uploads\\\/2023\\\/02\\\/IMG_0296-scaled.jpeg\",\"contentUrl\":\"https:\\\/\\\/www.mlc-munich.de\\\/web\\\/wp-content\\\/uploads\\\/2023\\\/02\\\/IMG_0296-scaled.jpeg\",\"width\":2560,\"height\":1440},{\"@type\":\"BreadcrumbList\",\"@id\":\"https:\\\/\\\/www.mlc-munich.de\\\/web\\\/muenchner-loewen-club-unterstuetzt-soziale-projekte-in-muenchen\\\/#breadcrumb\",\"itemListElement\":[{\"@type\":\"ListItem\",\"position\":1,\"name\":\"Startseite\",\"item\":\"https:\\\/\\\/www.mlc-munich.de\\\/web\\\/\"},{\"@type\":\"ListItem\",\"position\":2,\"name\":\"M\u00fcnchner L\u00f6wen Club unterst\u00fctzt soziale Projekte in M\u00fcnchen.\"}]},{\"@type\":\"WebSite\",\"@id\":\"https:\\\/\\\/www.mlc-munich.de\\\/web\\\/#website\",\"url\":\"https:\\\/\\\/www.mlc-munich.de\\\/web\\\/\",\"name\":\"MLC M\u00fcnchner L\u00f6wen Club e.V.\",\"description\":\"MLC M\u00fcnchner L\u00f6wen Club e.V.\",\"publisher\":{\"@id\":\"https:\\\/\\\/www.mlc-munich.de\\\/web\\\/#organization\"},\"potentialAction\":[{\"@type\":\"SearchAction\",\"target\":{\"@type\":\"EntryPoint\",\"urlTemplate\":\"https:\\\/\\\/www.mlc-munich.de\\\/web\\\/?s={search_term_string}\"},\"query-input\":{\"@type\":\"PropertyValueSpecification\",\"valueRequired\":true,\"valueName\":\"search_term_string\"}}],\"inLanguage\":\"de\"},{\"@type\":\"Organization\",\"@id\":\"https:\\\/\\\/www.mlc-munich.de\\\/web\\\/#organization\",\"name\":\"MLC M\u00fcnchner L\u00f6wen Club e.V.\",\"url\":\"https:\\\/\\\/www.mlc-munich.de\\\/web\\\/\",\"logo\":{\"@type\":\"ImageObject\",\"inLanguage\":\"de\",\"@id\":\"https:\\\/\\\/www.mlc-munich.de\\\/web\\\/#\\\/schema\\\/logo\\\/image\\\/\",\"url\":\"https:\\\/\\\/www.mlc-munich.de\\\/web\\\/wp-content\\\/uploads\\\/2018\\\/05\\\/logo_250x95px-Kopie.png\",\"contentUrl\":\"https:\\\/\\\/www.mlc-munich.de\\\/web\\\/wp-content\\\/uploads\\\/2018\\\/05\\\/logo_250x95px-Kopie.png\",\"width\":250,\"height\":95,\"caption\":\"MLC M\u00fcnchner L\u00f6wen Club e.V.\"},\"image\":{\"@id\":\"https:\\\/\\\/www.mlc-munich.de\\\/web\\\/#\\\/schema\\\/logo\\\/image\\\/\"}},{\"@type\":\"Person\",\"@id\":\"https:\\\/\\\/www.mlc-munich.de\\\/web\\\/#\\\/schema\\\/person\\\/8ab46efdd6adab85dc79e46ba23bf666\",\"name\":\"Andreas Bl\u00fcm\",\"image\":{\"@type\":\"ImageObject\",\"inLanguage\":\"de\",\"@id\":\"https:\\\/\\\/secure.gravatar.com\\\/avatar\\\/4911c491b7f433eacb8c9d4ed7cdc1b43c9980887f0b50534ea89397966226ee?s=96&d=mm&r=r\",\"url\":\"https:\\\/\\\/secure.gravatar.com\\\/avatar\\\/4911c491b7f433eacb8c9d4ed7cdc1b43c9980887f0b50534ea89397966226ee?s=96&d=mm&r=r\",\"contentUrl\":\"https:\\\/\\\/secure.gravatar.com\\\/avatar\\\/4911c491b7f433eacb8c9d4ed7cdc1b43c9980887f0b50534ea89397966226ee?s=96&d=mm&r=r\",\"caption\":\"Andreas Bl\u00fcm\"},\"url\":\"https:\\\/\\\/www.mlc-munich.de\\\/web\\\/author\\\/andy\\\/\"}]}<\/script>\n<!-- \/ Yoast SEO plugin. -->","yoast_head_json":{"title":"M\u00fcnchner L\u00f6wen Club unterst\u00fctzt soziale Projekte in M\u00fcnchen. - MLC M\u00fcnchner L\u00f6wen Club e.V.","robots":{"index":"index","follow":"follow","max-snippet":"max-snippet:-1","max-image-preview":"max-image-preview:large","max-video-preview":"max-video-preview:-1"},"canonical":"https:\/\/www.mlc-munich.de\/web\/muenchner-loewen-club-unterstuetzt-soziale-projekte-in-muenchen\/","og_locale":"de_DE","og_type":"article","og_title":"M\u00fcnchner L\u00f6wen Club unterst\u00fctzt soziale Projekte in M\u00fcnchen. - MLC M\u00fcnchner L\u00f6wen Club e.V.","og_url":"https:\/\/www.mlc-munich.de\/web\/muenchner-loewen-club-unterstuetzt-soziale-projekte-in-muenchen\/","og_site_name":"MLC M\u00fcnchner L\u00f6wen Club e.V.","article_published_time":"2023-02-06T15:30:50+00:00","article_modified_time":"2023-02-06T15:31:27+00:00","og_image":[{"width":2560,"height":1440,"url":"https:\/\/www.mlc-munich.de\/web\/wp-content\/uploads\/2023\/02\/IMG_0296-scaled.jpeg","type":"image\/jpeg"}],"author":"Andreas Bl\u00fcm","twitter_card":"summary_large_image","twitter_misc":{"Verfasst von":"Andreas Bl\u00fcm","Gesch\u00e4tzte Lesezeit":"1\u00a0Minute"},"schema":{"@context":"https:\/\/schema.org","@graph":[{"@type":"Article","@id":"https:\/\/www.mlc-munich.de\/web\/muenchner-loewen-club-unterstuetzt-soziale-projekte-in-muenchen\/#article","isPartOf":{"@id":"https:\/\/www.mlc-munich.de\/web\/muenchner-loewen-club-unterstuetzt-soziale-projekte-in-muenchen\/"},"author":{"name":"Andreas Bl\u00fcm","@id":"https:\/\/www.mlc-munich.de\/web\/#\/schema\/person\/8ab46efdd6adab85dc79e46ba23bf666"},"headline":"M\u00fcnchner L\u00f6wen Club unterst\u00fctzt soziale Projekte in M\u00fcnchen.","datePublished":"2023-02-06T15:30:50+00:00","dateModified":"2023-02-06T15:31:27+00:00","mainEntityOfPage":{"@id":"https:\/\/www.mlc-munich.de\/web\/muenchner-loewen-club-unterstuetzt-soziale-projekte-in-muenchen\/"},"wordCount":170,"publisher":{"@id":"https:\/\/www.mlc-munich.de\/web\/#organization"},"image":{"@id":"https:\/\/www.mlc-munich.de\/web\/muenchner-loewen-club-unterstuetzt-soziale-projekte-in-muenchen\/#primaryimage"},"thumbnailUrl":"https:\/\/www.mlc-munich.de\/web\/wp-content\/uploads\/2023\/02\/IMG_0296-scaled.jpeg","inLanguage":"de"},{"@type":"WebPage","@id":"https:\/\/www.mlc-munich.de\/web\/muenchner-loewen-club-unterstuetzt-soziale-projekte-in-muenchen\/","url":"https:\/\/www.mlc-munich.de\/web\/muenchner-loewen-club-unterstuetzt-soziale-projekte-in-muenchen\/","name":"M\u00fcnchner L\u00f6wen Club unterst\u00fctzt soziale Projekte in M\u00fcnchen. - MLC M\u00fcnchner L\u00f6wen Club e.V.","isPartOf":{"@id":"https:\/\/www.mlc-munich.de\/web\/#website"},"primaryImageOfPage":{"@id":"https:\/\/www.mlc-munich.de\/web\/muenchner-loewen-club-unterstuetzt-soziale-projekte-in-muenchen\/#primaryimage"},"image":{"@id":"https:\/\/www.mlc-munich.de\/web\/muenchner-loewen-club-unterstuetzt-soziale-projekte-in-muenchen\/#primaryimage"},"thumbnailUrl":"https:\/\/www.mlc-munich.de\/web\/wp-content\/uploads\/2023\/02\/IMG_0296-scaled.jpeg","datePublished":"2023-02-06T15:30:50+00:00","dateModified":"2023-02-06T15:31:27+00:00","breadcrumb":{"@id":"https:\/\/www.mlc-munich.de\/web\/muenchner-loewen-club-unterstuetzt-soziale-projekte-in-muenchen\/#breadcrumb"},"inLanguage":"de","potentialAction":[{"@type":"ReadAction","target":["https:\/\/www.mlc-munich.de\/web\/muenchner-loewen-club-unterstuetzt-soziale-projekte-in-muenchen\/"]}]},{"@type":"ImageObject","inLanguage":"de","@id":"https:\/\/www.mlc-munich.de\/web\/muenchner-loewen-club-unterstuetzt-soziale-projekte-in-muenchen\/#primaryimage","url":"https:\/\/www.mlc-munich.de\/web\/wp-content\/uploads\/2023\/02\/IMG_0296-scaled.jpeg","contentUrl":"https:\/\/www.mlc-munich.de\/web\/wp-content\/uploads\/2023\/02\/IMG_0296-scaled.jpeg","width":2560,"height":1440},{"@type":"BreadcrumbList","@id":"https:\/\/www.mlc-munich.de\/web\/muenchner-loewen-club-unterstuetzt-soziale-projekte-in-muenchen\/#breadcrumb","itemListElement":[{"@type":"ListItem","position":1,"name":"Startseite","item":"https:\/\/www.mlc-munich.de\/web\/"},{"@type":"ListItem","position":2,"name":"M\u00fcnchner L\u00f6wen Club unterst\u00fctzt soziale Projekte in M\u00fcnchen."}]},{"@type":"WebSite","@id":"https:\/\/www.mlc-munich.de\/web\/#website","url":"https:\/\/www.mlc-munich.de\/web\/","name":"MLC M\u00fcnchner L\u00f6wen Club e.V.","description":"MLC M\u00fcnchner L\u00f6wen Club e.V.","publisher":{"@id":"https:\/\/www.mlc-munich.de\/web\/#organization"},"potentialAction":[{"@type":"SearchAction","target":{"@type":"EntryPoint","urlTemplate":"https:\/\/www.mlc-munich.de\/web\/?s={search_term_string}"},"query-input":{"@type":"PropertyValueSpecification","valueRequired":true,"valueName":"search_term_string"}}],"inLanguage":"de"},{"@type":"Organization","@id":"https:\/\/www.mlc-munich.de\/web\/#organization","name":"MLC M\u00fcnchner L\u00f6wen Club e.V.","url":"https:\/\/www.mlc-munich.de\/web\/","logo":{"@type":"ImageObject","inLanguage":"de","@id":"https:\/\/www.mlc-munich.de\/web\/#\/schema\/logo\/image\/","url":"https:\/\/www.mlc-munich.de\/web\/wp-content\/uploads\/2018\/05\/logo_250x95px-Kopie.png","contentUrl":"https:\/\/www.mlc-munich.de\/web\/wp-content\/uploads\/2018\/05\/logo_250x95px-Kopie.png","width":250,"height":95,"caption":"MLC M\u00fcnchner L\u00f6wen Club e.V."},"image":{"@id":"https:\/\/www.mlc-munich.de\/web\/#\/schema\/logo\/image\/"}},{"@type":"Person","@id":"https:\/\/www.mlc-munich.de\/web\/#\/schema\/person\/8ab46efdd6adab85dc79e46ba23bf666","name":"Andreas Bl\u00fcm","image":{"@type":"ImageObject","inLanguage":"de","@id":"https:\/\/secure.gravatar.com\/avatar\/4911c491b7f433eacb8c9d4ed7cdc1b43c9980887f0b50534ea89397966226ee?s=96&d=mm&r=r","url":"https:\/\/secure.gravatar.com\/avatar\/4911c491b7f433eacb8c9d4ed7cdc1b43c9980887f0b50534ea89397966226ee?s=96&d=mm&r=r","contentUrl":"https:\/\/secure.gravatar.com\/avatar\/4911c491b7f433eacb8c9d4ed7cdc1b43c9980887f0b50534ea89397966226ee?s=96&d=mm&r=r","caption":"Andreas Bl\u00fcm"},"url":"https:\/\/www.mlc-munich.de\/web\/author\/andy\/"}]}},"_links":{"self":[{"href":"https:\/\/www.mlc-munich.de\/web\/wp-json\/wp\/v2\/posts\/6468","targetHints":{"allow":["GET"]}}],"collection":[{"href":"https:\/\/www.mlc-munich.de\/web\/wp-json\/wp\/v2\/posts"}],"about":[{"href":"https:\/\/www.mlc-munich.de\/web\/wp-json\/wp\/v2\/types\/post"}],"author":[{"embeddable":true,"href":"https:\/\/www.mlc-munich.de\/web\/wp-json\/wp\/v2\/users\/2"}],"replies":[{"embeddable":true,"href":"https:\/\/www.mlc-munich.de\/web\/wp-json\/wp\/v2\/comments?post=6468"}],"version-history":[{"count":1,"href":"https:\/\/www.mlc-munich.de\/web\/wp-json\/wp\/v2\/posts\/6468\/revisions"}],"predecessor-version":[{"id":6472,"href":"https:\/\/www.mlc-munich.de\/web\/wp-json\/wp\/v2\/posts\/6468\/revisions\/6472"}],"wp:featuredmedia":[{"embeddable":true,"href":"https:\/\/www.mlc-munich.de\/web\/wp-json\/wp\/v2\/media\/6469"}],"wp:attachment":[{"href":"https:\/\/www.mlc-munich.de\/web\/wp-json\/wp\/v2\/media?parent=6468"}],"wp:term":[{"taxonomy":"category","embeddable":true,"href":"https:\/\/www.mlc-munich.de\/web\/wp-json\/wp\/v2\/categories?post=6468"},{"taxonomy":"post_tag","embeddable":true,"href":"https:\/\/www.mlc-munich.de\/web\/wp-json\/wp\/v2\/tags?post=6468"}],"curies":[{"name":"wp","href":"https:\/\/api.w.org\/{rel}","templated":true}]}}